{"id":41404,"date":"2022-08-06T17:30:00","date_gmt":"2022-08-06T20:30:00","guid":{"rendered":"https:\/\/tvc16.com\/portal\/?p=41404"},"modified":"2022-08-06T16:27:47","modified_gmt":"2022-08-06T19:27:47","slug":"depois-de-dois-anos-em-obras-prefeitura-inaugura-cei-no-carangola","status":"publish","type":"post","link":"https:\/\/tvc16.com\/portal\/2022\/08\/06\/depois-de-dois-anos-em-obras-prefeitura-inaugura-cei-no-carangola\/","title":{"rendered":"Depois de dois anos em obras, Prefeitura inaugura CEI no Carangola"},"content":{"rendered":"\n<p><strong><em>nova unidade passou de 70 para 150 vagas<\/em><\/strong><\/p>\n\n\n\n<p>Depois de dois anos, a comunidade do Carangola ganhou um novo Centro de Educa\u00e7\u00e3o Infantil (CEI). A unidade foi inaugurada neste s\u00e1bado (6) e passa a atender 150 crian\u00e7as de zero a cinco anos.<\/p>\n\n\n\n<figure class=\"wp-block-image size-large\"><img loading=\"lazy\" decoding=\"async\" width=\"1024\" height=\"682\" src=\"https:\/\/tvc16.com\/portal\/wp-content\/uploads\/2022\/08\/WhatsApp-Image-2022-08-06-at-16.16.49-1-1024x682.jpeg\" alt=\"\" class=\"wp-image-41406\" srcset=\"https:\/\/tvc16.com\/portal\/wp-content\/uploads\/2022\/08\/WhatsApp-Image-2022-08-06-at-16.16.49-1-1024x682.jpeg 1024w, https:\/\/tvc16.com\/portal\/wp-content\/uploads\/2022\/08\/WhatsApp-Image-2022-08-06-at-16.16.49-1-300x200.jpeg 300w, https:\/\/tvc16.com\/portal\/wp-content\/uploads\/2022\/08\/WhatsApp-Image-2022-08-06-at-16.16.49-1-768x512.jpeg 768w, https:\/\/tvc16.com\/portal\/wp-content\/uploads\/2022\/08\/WhatsApp-Image-2022-08-06-at-16.16.49-1-900x600.jpeg 900w, https:\/\/tvc16.com\/portal\/wp-content\/uploads\/2022\/08\/WhatsApp-Image-2022-08-06-at-16.16.49-1.jpeg 1280w\" sizes=\"auto, (max-width: 1024px) 100vw, 1024px\" \/><\/figure>\n\n\n\n<p>&#8220;Estamos muito felizes de estar entregando essa obra para a comunidade. A inaugura\u00e7\u00e3o de um CEI \u00e9 um exerc\u00edcio de cidadania e constru\u00e7\u00e3o da rede de prote\u00e7\u00e3o das nossas crian\u00e7as. Com responsabilidade estamos dando passos importantes na reconstru\u00e7\u00e3o da nossa cidade&#8221;, disse o prefeito Rubens Bomtempo. &#8220;Este ano j\u00e1 entregamos o CEI Augusto Pugnaloni e at\u00e9 o fim do ano vamos entregar um no Samambaia e um em Itaipava&#8221;, acrescentou o prefeito.<\/p>\n\n\n\n<figure class=\"wp-block-image size-large\"><img loading=\"lazy\" decoding=\"async\" width=\"682\" height=\"1024\" src=\"https:\/\/tvc16.com\/portal\/wp-content\/uploads\/2022\/08\/WhatsApp-Image-2022-08-06-at-16.16.48-682x1024.jpeg\" alt=\"\" class=\"wp-image-41407\" srcset=\"https:\/\/tvc16.com\/portal\/wp-content\/uploads\/2022\/08\/WhatsApp-Image-2022-08-06-at-16.16.48-682x1024.jpeg 682w, https:\/\/tvc16.com\/portal\/wp-content\/uploads\/2022\/08\/WhatsApp-Image-2022-08-06-at-16.16.48-200x300.jpeg 200w, https:\/\/tvc16.com\/portal\/wp-content\/uploads\/2022\/08\/WhatsApp-Image-2022-08-06-at-16.16.48-768x1152.jpeg 768w, https:\/\/tvc16.com\/portal\/wp-content\/uploads\/2022\/08\/WhatsApp-Image-2022-08-06-at-16.16.48.jpeg 853w\" sizes=\"auto, (max-width: 682px) 100vw, 682px\" \/><\/figure>\n\n\n\n<p>O CEI Carangola ganhou um pr\u00e9dio anexo, o que possibilitou a amplia\u00e7\u00e3o de vagas. Antes da reforma a unidade atendia a 70 crian\u00e7as.<\/p>\n\n\n\n<figure class=\"wp-block-image size-large\"><img loading=\"lazy\" decoding=\"async\" width=\"682\" height=\"1024\" src=\"https:\/\/tvc16.com\/portal\/wp-content\/uploads\/2022\/08\/WhatsApp-Image-2022-08-06-at-16.16.51-682x1024.jpeg\" alt=\"\" class=\"wp-image-41408\" srcset=\"https:\/\/tvc16.com\/portal\/wp-content\/uploads\/2022\/08\/WhatsApp-Image-2022-08-06-at-16.16.51-682x1024.jpeg 682w, https:\/\/tvc16.com\/portal\/wp-content\/uploads\/2022\/08\/WhatsApp-Image-2022-08-06-at-16.16.51-200x300.jpeg 200w, https:\/\/tvc16.com\/portal\/wp-content\/uploads\/2022\/08\/WhatsApp-Image-2022-08-06-at-16.16.51-768x1152.jpeg 768w, https:\/\/tvc16.com\/portal\/wp-content\/uploads\/2022\/08\/WhatsApp-Image-2022-08-06-at-16.16.51.jpeg 853w\" sizes=\"auto, (max-width: 682px) 100vw, 682px\" \/><\/figure>\n\n\n\n<p>&#8220;Quando assumimos em dezembro, encontramos uma enorme lista de espera para os CEIS e com novos cadastros fechados. Em seis meses entregamos dois centros de Educa\u00e7\u00e3o Infantil e outros est\u00e3o em constru\u00e7\u00e3o. Isso mostra o nosso compromisso com a Educa\u00e7\u00e3o&#8221;, disse a secret\u00e1ria chefe de gabinete e presidente do Conselho Municipal dos Direitos da Crian\u00e7a e do Adolescente (CMDCA), Luciane Bomtempo.<\/p>\n\n\n\n<p>O Centro de Educa\u00e7\u00e3o Infantil ganhou novas salas de aula, brinquedoteca, refeit\u00f3rio, cozinha, ber\u00e7\u00e1rio e banheiros (sendo um adaptado). A unidade tamb\u00e9m conta com p\u00e1tio, parquinhos, jardim e salas administrativas para atender \u00e0 dire\u00e7\u00e3o.<\/p>\n\n\n\n<p>&#8220;Mais do que um pr\u00e9dio, escolas s\u00e3o pessoas&#8221;, disse a secret\u00e1ria de Educa\u00e7\u00e3o Adriana de Paula. &#8220;Acompanhei toda a hist\u00f3ria do CEI Carangola e como diretora de escola em 2021, recebi os alunos do CEI na Dom Cintra no retorno das aulas presenciais porque as obras, que come\u00e7aram em 2020, ainda n\u00e3o tinha acabado. N\u00f3s acolhemos as crian\u00e7ase hoje estamos entregando uma nova escola para elas&#8221;.<\/p>\n\n\n\n<p>Os vereadores Fred Proc\u00f3pio e Junior Coruja tamb\u00e9m participaram da inaugura\u00e7\u00e3o. &#8220;Foi uma trajet\u00f3ria longa e hoje estamos aqui para festejar. Agrade\u00e7o o prefeito e toda sua equipe por essa conquista&#8221;, disse o vereador Fred Proc\u00f3pio.<\/p>\n\n\n\n<p>O vice-prefeito Paulo Mustrangi citou o compromisso do governo com a Educa\u00e7\u00e3o na cidade. &#8220;Quando assumimos pegamos v\u00e1rias obras paradas, entre elas do CEI Carangola. \u00c9 um momento de alegria e felicidade estarmos entregando essa unidade&#8221;, disse.<\/p>\n\n\n\n<p>Durante a inaugura\u00e7\u00e3o as crian\u00e7as do CEI plantaram um ip\u00ea amarelo no jardim da unidade. &#8220;Eu vivenciei toda a obra e \u00e9 emocionante ver em como ficou t\u00e3o bonito o local de desenvolvimento dos nossos filhos&#8221;, disse Sabrina Silva Ribeiro, de 44 anos. Ela \u00e9 m\u00e3e da pequena Melissa, de quatro anos, que estuda na unidade.<\/p>\n\n\n\n<p>Tamb\u00e9m participaram da inaugura\u00e7\u00e3o secret\u00e1rios municipais, equipes da Secretaria de Educa\u00e7\u00e3o e familiares dos alunos.<\/p>\n","protected":false},"excerpt":{"rendered":"<p>nova unidade passou de 70 para 150 vagas Depois de dois anos, a comunidade do<\/p>\n","protected":false},"author":2,"featured_media":41405,"comment_status":"open","ping_status":"open","sticky":false,"template":"","format":"standard","meta":{"footnotes":""},"categories":[12,264,18,19,15],"tags":[],"class_list":["post-41404","post","type-post","status-publish","format-standard","has-post-thumbnail","hentry","category-cidade","category-destaque","category-economia","category-educacao","category-politica"],"_links":{"self":[{"href":"https:\/\/tvc16.com\/portal\/wp-json\/wp\/v2\/posts\/41404","targetHints":{"allow":["GET"]}}],"collection":[{"href":"https:\/\/tvc16.com\/portal\/wp-json\/wp\/v2\/posts"}],"about":[{"href":"https:\/\/tvc16.com\/portal\/wp-json\/wp\/v2\/types\/post"}],"author":[{"embeddable":true,"href":"https:\/\/tvc16.com\/portal\/wp-json\/wp\/v2\/users\/2"}],"replies":[{"embeddable":true,"href":"https:\/\/tvc16.com\/portal\/wp-json\/wp\/v2\/comments?post=41404"}],"version-history":[{"count":1,"href":"https:\/\/tvc16.com\/portal\/wp-json\/wp\/v2\/posts\/41404\/revisions"}],"predecessor-version":[{"id":41409,"href":"https:\/\/tvc16.com\/portal\/wp-json\/wp\/v2\/posts\/41404\/revisions\/41409"}],"wp:featuredmedia":[{"embeddable":true,"href":"https:\/\/tvc16.com\/portal\/wp-json\/wp\/v2\/media\/41405"}],"wp:attachment":[{"href":"https:\/\/tvc16.com\/portal\/wp-json\/wp\/v2\/media?parent=41404"}],"wp:term":[{"taxonomy":"category","embeddable":true,"href":"https:\/\/tvc16.com\/portal\/wp-json\/wp\/v2\/categories?post=41404"},{"taxonomy":"post_tag","embeddable":true,"href":"https:\/\/tvc16.com\/portal\/wp-json\/wp\/v2\/tags?post=41404"}],"curies":[{"name":"wp","href":"https:\/\/api.w.org\/{rel}","templated":true}]}}