{"id":41413,"date":"2022-08-07T10:15:00","date_gmt":"2022-08-07T13:15:00","guid":{"rendered":"https:\/\/tvc16.com\/portal\/?p=41413"},"modified":"2022-08-06T17:24:26","modified_gmt":"2022-08-06T20:24:26","slug":"diana-iliescu-e-eleita-primeira-vice-presidente-do-forum-estadual-de-secretarios-e-dirigentes-municipais-de-cultura-do-rio-de-janeiro","status":"publish","type":"post","link":"https:\/\/tvc16.com\/portal\/2022\/08\/07\/diana-iliescu-e-eleita-primeira-vice-presidente-do-forum-estadual-de-secretarios-e-dirigentes-municipais-de-cultura-do-rio-de-janeiro\/","title":{"rendered":"Diana Iliescu \u00e9 eleita primeira vice-presidente do F\u00f3rum Estadual de Secret\u00e1rios e Dirigentes Municipais de Cultura do Rio de Janeiro"},"content":{"rendered":"\n<p>A secret\u00e1ria de Cultura Diana Iliescu foi eleita vice-presidente do F\u00f3rum Estadual de Secret\u00e1rios e Dirigentes Municipais de Cultura do Rio de Janeiro.&nbsp;Esta \u00e9&nbsp;a primeira vez que Petr\u00f3polis faz parte da mesa diretora da entidade. A elei\u00e7\u00e3o aconteceu&nbsp;na quarta-feira (3),&nbsp;na sede da Secretaria Estadual de Cultura e Economia Criativa.<br>&nbsp;<br>\u201c\u00c9 um orgulho para a nossa cidade estarmos pela primeira vez compondo a mesa diretora de um F\u00f3rum t\u00e3o importante para a cultura do nosso Estado. Temos&nbsp;muitos&nbsp;projetos dentro da \u00e1rea cultural&nbsp;com&nbsp;a\u00e7\u00f5es que v\u00e3o fortalecer ainda mais o setor, valorizando os nossos artistas e tamb\u00e9m&nbsp;o&nbsp;patrim\u00f4nio cultural de Petr\u00f3polis\u201d, disse o prefeito Rubens Bomtempo.<br>&nbsp;<br>O F\u00f3rum Estadual de Secret\u00e1rios e Dirigentes Municipais de Cultura do Rio de Janeiro tem o objetivo promover a integra\u00e7\u00e3o dos gestores culturais de todo o&nbsp;estado na elabora\u00e7\u00e3o de propostas e estrat\u00e9gias relacionadas a pol\u00edticas culturais, tanto a n\u00edvel estadual, quanto nacional. Os debates sobre leis de fomento \u00e0 cultura, os desafios da democratiza\u00e7\u00e3o do acesso \u00e0 cultura nos munic\u00edpios, a promo\u00e7\u00e3o da igualdade racial e diversidade est\u00e3o entre as&nbsp;pautas&nbsp;tratadas&nbsp;pelo F\u00f3rum.<br>&nbsp;<br>\u201cPetr\u00f3polis vem se somar ao desafio de fortalecer as pol\u00edticas p\u00fablicas de cultura do nosso estado, apoiando as cidades menores que t\u00eam menos estrutura para esta tarefa. A primeira grande miss\u00e3o da nova gest\u00e3o ser\u00e1 a aplica\u00e7\u00e3o da Lei Paulo Gustavo nas nossas 92 cidades at\u00e9 o final de 2023.\u201d explicou Diana Iliescu.<br>&nbsp;<br>A nova diretoria eleita&nbsp;tem na Presid\u00eancia&nbsp;Alexandre Santini,&nbsp;de Niter\u00f3i, Primeira Vice-Presid\u00eancia: Diana Iliescu, de Petr\u00f3polis; Segunda Vice-Presid\u00eancia: Maria Auxiliadora de Campos; Primeira Secretaria: Cris R\u00e9gis, de Rio das Ostras; Segunda Secretaria: Victor Hugo Abreu Machado, de Mag\u00e9; na&nbsp;Comiss\u00e3o da Lei Paulo Gustavo: Coordena\u00e7\u00e3o de Manoel Vieira, Relatoria de Bravo e Cris R\u00e9gis; Comiss\u00e3o de Promo\u00e7\u00e3o da Igualdade Racial e Diversidade: Coordena\u00e7\u00e3o de Victor Hugo; Comiss\u00e3o de Indicadores e Documenta\u00e7\u00e3o: Coordena\u00e7\u00e3o de Bravo, composta por Jorginho, Jos\u00e9 S\u00e9rgio e Jamir Junior.<\/p>\n","protected":false},"excerpt":{"rendered":"<p>A secret\u00e1ria de Cultura Diana Iliescu foi eleita vice-presidente do F\u00f3rum Estadual de Secret\u00e1rios e<\/p>\n","protected":false},"author":2,"featured_media":41414,"comment_status":"open","ping_status":"open","sticky":false,"template":"","format":"standard","meta":{"footnotes":""},"categories":[12,21,264],"tags":[],"class_list":["post-41413","post","type-post","status-publish","format-standard","has-post-thumbnail","hentry","category-cidade","category-cultura","category-destaque"],"_links":{"self":[{"href":"https:\/\/tvc16.com\/portal\/wp-json\/wp\/v2\/posts\/41413","targetHints":{"allow":["GET"]}}],"collection":[{"href":"https:\/\/tvc16.com\/portal\/wp-json\/wp\/v2\/posts"}],"about":[{"href":"https:\/\/tvc16.com\/portal\/wp-json\/wp\/v2\/types\/post"}],"author":[{"embeddable":true,"href":"https:\/\/tvc16.com\/portal\/wp-json\/wp\/v2\/users\/2"}],"replies":[{"embeddable":true,"href":"https:\/\/tvc16.com\/portal\/wp-json\/wp\/v2\/comments?post=41413"}],"version-history":[{"count":1,"href":"https:\/\/tvc16.com\/portal\/wp-json\/wp\/v2\/posts\/41413\/revisions"}],"predecessor-version":[{"id":41415,"href":"https:\/\/tvc16.com\/portal\/wp-json\/wp\/v2\/posts\/41413\/revisions\/41415"}],"wp:featuredmedia":[{"embeddable":true,"href":"https:\/\/tvc16.com\/portal\/wp-json\/wp\/v2\/media\/41414"}],"wp:attachment":[{"href":"https:\/\/tvc16.com\/portal\/wp-json\/wp\/v2\/media?parent=41413"}],"wp:term":[{"taxonomy":"category","embeddable":true,"href":"https:\/\/tvc16.com\/portal\/wp-json\/wp\/v2\/categories?post=41413"},{"taxonomy":"post_tag","embeddable":true,"href":"https:\/\/tvc16.com\/portal\/wp-json\/wp\/v2\/tags?post=41413"}],"curies":[{"name":"wp","href":"https:\/\/api.w.org\/{rel}","templated":true}]}}