{"id":41416,"date":"2022-08-07T15:30:00","date_gmt":"2022-08-07T18:30:00","guid":{"rendered":"https:\/\/tvc16.com\/portal\/?p=41416"},"modified":"2022-08-06T17:39:35","modified_gmt":"2022-08-06T20:39:35","slug":"rio-de-janeiro-libera-a-entrada-de-animais-de-estimacao-em-supermercados","status":"publish","type":"post","link":"https:\/\/tvc16.com\/portal\/2022\/08\/07\/rio-de-janeiro-libera-a-entrada-de-animais-de-estimacao-em-supermercados\/","title":{"rendered":"Rio de Janeiro libera a entrada de animais de estima\u00e7\u00e3o em supermercados"},"content":{"rendered":"\n<p><strong><em>J\u00daLIA BARBON &#8211; Folhapress<\/em><\/strong><\/p>\n\n\n\n<p>O prefeito do Rio de Janeiro, Eduardo Paes (PSD), assinou um decreto na \u00faltima sexta (5) que regulamenta a entrada de animais de estima\u00e7\u00e3o em supermercados.<br>A iniciativa partiu da Asserj (Associa\u00e7\u00e3o de Supermercados do Estado do Rio de Janeiro), que criou e ser\u00e1 respons\u00e1vel por emitir os &#8220;selos Super Pet&#8221; para os mercados que aderirem \u00e0 medida e seguirem as regras do munic\u00edpio.<br>Segundo Paes, o Rio \u00e9 a primeira capital a autorizar o acesso de cachorros e gatos aos estabelecimentos.<br>O texto cita como justificativa &#8220;o aumento da dissemina\u00e7\u00e3o da cultura pet friendly entre a popula\u00e7\u00e3o e o com\u00e9rcio em geral&#8221; e &#8220;a necessidade de se estabelecer crit\u00e9rios e par\u00e2metros para a adapta\u00e7\u00e3o da cultura pet friendly ao exerc\u00edcio das atividades econ\u00f4micas&#8221;.<br>A partir de agora os animais, sempre acompanhados de seus donos, s\u00e3o permitidos por toda a \u00e1rea de comercializa\u00e7\u00e3o dos produtos, mas n\u00e3o podem circular nas \u00e1reas de armazenamento, produ\u00e7\u00e3o e manipula\u00e7\u00e3o de alimentos.<br>Os c\u00e3es devem obrigatoriamente usar coleira ou focinheira (dependendo do seu porte,) e os gatos, estar em caixas adequadas para o seu transporte. N\u00e3o est\u00e1 permitido oferecer \u00e1gua ou comida dentro do supermercado, nem o ingresso de animais visivelmente agressivos ou machucados.<br>Segundo o decreto, os mercados precisam exigir dos donos certificado de vacina\u00e7\u00e3o e comprovante de vermifuga\u00e7\u00e3o e manter um ou mais funcion\u00e1rios paramentados para efetuar exclusivamente a limpeza do ambiente quando for necess\u00e1rio.<br>Os estabelecimentos podem ainda instalar \u00e1reas de recrea\u00e7\u00e3o para os animais sob a supervis\u00e3o constante de um empregado, disponibilizar carrinhos espec\u00edficos para carregar as compras e os pets simultaneamente e oferecer \u00e1gua pot\u00e1vel em ambiente espec\u00edfico.<br>As lojas devem tamb\u00e9m manter um aviso dizendo tratar-se de estabelecimento pet friendly, indicando as esp\u00e9cies que podem entrar (c\u00e3es e gatos) e as regras e restri\u00e7\u00f5es para o acesso e a condu\u00e7\u00e3o dos animais no estabelecimento.<br>O in\u00edcio da medida foi marcado neste s\u00e1bado (5) em uma unidade do Carrefour da Barra da Tijuca, na zona oeste do Rio, com a presen\u00e7a de Paes, do secret\u00e1rio municipal de Sa\u00fade, Rodrigo Prado, e do presidente da Asserj, F\u00e1bio Queir\u00f3z.<br>&#8220;Muitas pessoas deixam seus animais presos na entrada dos mercados enquanto fazem suas compras, correndo o risco de serem roubados ou sofrer um acidente. A iniciativa visa atender a esta grande parcela de consumidores&#8221;, justificou Queir\u00f3z em nota da associa\u00e7\u00e3o.<br>Os cachorros tamb\u00e9m s\u00e3o permitidos nas praias da capital carioca desde setembro de 2019, quando entrou em vigor uma lei aprovada pela C\u00e2mara Municipal \u2013o ex-prefeito Marcelo Crivella (Republicanos) n\u00e3o sancionou nem vetou o projeto, portanto ele entrou em vigor automaticamente.<br>O texto prev\u00ea medidas de controle para conferir o uso da coleira, o recolhimento de fezes do animal e o certificado de vacina\u00e7\u00e3o, al\u00e9m da cria\u00e7\u00e3o de uma faixa separada em que eles possam circular. Na pr\u00e1tica, por\u00e9m, os animais costumam ficar soltos na areia, sem fiscaliza\u00e7\u00e3o.<\/p>\n","protected":false},"excerpt":{"rendered":"<p>J\u00daLIA BARBON &#8211; Folhapress O prefeito do Rio de Janeiro, Eduardo Paes (PSD), assinou um<\/p>\n","protected":false},"author":2,"featured_media":41417,"comment_status":"open","ping_status":"open","sticky":false,"template":"","format":"standard","meta":{"footnotes":""},"categories":[264,18,19,17],"tags":[],"class_list":["post-41416","post","type-post","status-publish","format-standard","has-post-thumbnail","hentry","category-destaque","category-economia","category-educacao","category-outras-noticias"],"_links":{"self":[{"href":"https:\/\/tvc16.com\/portal\/wp-json\/wp\/v2\/posts\/41416","targetHints":{"allow":["GET"]}}],"collection":[{"href":"https:\/\/tvc16.com\/portal\/wp-json\/wp\/v2\/posts"}],"about":[{"href":"https:\/\/tvc16.com\/portal\/wp-json\/wp\/v2\/types\/post"}],"author":[{"embeddable":true,"href":"https:\/\/tvc16.com\/portal\/wp-json\/wp\/v2\/users\/2"}],"replies":[{"embeddable":true,"href":"https:\/\/tvc16.com\/portal\/wp-json\/wp\/v2\/comments?post=41416"}],"version-history":[{"count":1,"href":"https:\/\/tvc16.com\/portal\/wp-json\/wp\/v2\/posts\/41416\/revisions"}],"predecessor-version":[{"id":41418,"href":"https:\/\/tvc16.com\/portal\/wp-json\/wp\/v2\/posts\/41416\/revisions\/41418"}],"wp:featuredmedia":[{"embeddable":true,"href":"https:\/\/tvc16.com\/portal\/wp-json\/wp\/v2\/media\/41417"}],"wp:attachment":[{"href":"https:\/\/tvc16.com\/portal\/wp-json\/wp\/v2\/media?parent=41416"}],"wp:term":[{"taxonomy":"category","embeddable":true,"href":"https:\/\/tvc16.com\/portal\/wp-json\/wp\/v2\/categories?post=41416"},{"taxonomy":"post_tag","embeddable":true,"href":"https:\/\/tvc16.com\/portal\/wp-json\/wp\/v2\/tags?post=41416"}],"curies":[{"name":"wp","href":"https:\/\/api.w.org\/{rel}","templated":true}]}}