{"id":4142,"date":"2020-10-27T22:58:41","date_gmt":"2020-10-27T22:58:41","guid":{"rendered":"https:\/\/tvc16.com\/portal\/?p=4142"},"modified":"2020-10-27T22:58:41","modified_gmt":"2020-10-27T22:58:41","slug":"covid-19-brasil-tem-1579-mil-mortes-e-543-milhoes-de-casos","status":"publish","type":"post","link":"https:\/\/tvc16.com\/portal\/2020\/10\/27\/covid-19-brasil-tem-1579-mil-mortes-e-543-milhoes-de-casos\/","title":{"rendered":"Covid-19: Brasil tem 157,9 mil mortes e 5,43 milh\u00f5es de casos"},"content":{"rendered":"\n<h3 class=\"wp-block-heading\">At\u00e9 agora, 90,2% dos pacientes se recuperaram da doen\u00e7a<\/h3>\n\n\n\n<h4 class=\"wp-block-heading\">Por Jonas Valente \u2013 Rep\u00f3rter Ag\u00eancia Brasil &#8211; Bras\u00edlia<\/h4>\n\n\n\n<p>O n\u00famero de mortes em decorr\u00eancia da pandemia do novo coronav\u00edrus chegou a . Entre&nbsp;ontem&nbsp;e&nbsp;hoje, as secretarias de sa\u00fade notificaram 549 \u00f3bitos causados&nbsp;pela doen\u00e7a.&nbsp;Ontem, o sistema de dados sobre a pandemia marcava 157.397 \u00f3bitos gerados pela doen\u00e7a. Ainda h\u00e1 2.379 falecimentos em investiga\u00e7\u00e3o.<img decoding=\"async\" src=\"https:\/\/agenciabrasil.ebc.com.br\/ebc.png?id=1391690&amp;o=node\"><img decoding=\"async\" src=\"https:\/\/agenciabrasil.ebc.com.br\/ebc.gif?id=1391690&amp;o=node\"><\/p>\n\n\n\n<p>O n\u00famero de casos de pessoas infectadas com o novo coronav\u00edrus desde o in\u00edcio da pandemia chegou a 5.439.641. Nas \u00faltimas 24 horas, foram registrados 29.787 novos casos.&nbsp;Ontem, o total estava em 5.409.854.<\/p>\n\n\n\n<p>Os dados est\u00e3o na atualiza\u00e7\u00e3o di\u00e1ria do Minist\u00e9rio da Sa\u00fade, divulgada na noite desta&nbsp;ter\u00e7a-feira (27). O balan\u00e7o \u00e9 feito a partir de registros reunidos pelas secretarias estaduais de sa\u00fade e enviados \u00e0 pasta para consolida\u00e7\u00e3o.<\/p>\n\n\n\n<p>Ainda h\u00e1 377.649 casos em acompanhamento. De acordo com o Minist\u00e9rio da Sa\u00fade, outras 4.904.046 pessoas j\u00e1 se recuperaram da doen\u00e7a.<\/p>\n\n\n\n<p>Os casos e mortes s\u00e3o menores nos domingos e segundas-feiras em fun\u00e7\u00e3o da limita\u00e7\u00e3o de sistematiza\u00e7\u00e3o dos dados e alimenta\u00e7\u00e3o do painel do minist\u00e9rio&nbsp;pelas secretarias estaduais aos fins de semana. J\u00e1 \u00e0s&nbsp;ter\u00e7as-feiras os n\u00fameros di\u00e1rios tendem a subir pelo ac\u00famulo de casos do fim de semana reportado neste dia.<\/p>\n\n\n\n<h2 class=\"wp-block-heading\">Covid-19 nos estados<\/h2>\n\n\n\n<p>Os estados com mais mortes s\u00e3o S\u00e3o Paulo (38.885), Rio&nbsp;de Janeiro&nbsp;(20.292), Cear\u00e1 (9.305), Minas Gerais (8.789) e Pernambuco (8.5575). As Unidades da Federa\u00e7\u00e3o com menos casos s\u00e3o Acre (690), Roraima (691), Amap\u00e1 (743), Tocantins (1.089) e Rond\u00f4nia (1.448).<\/p>\n\n\n\n<figure class=\"wp-block-image\"><img decoding=\"async\" src=\"https:\/\/imagens.ebc.com.br\/CUazw178kfsouz8ZJXsS87vYGXM=\/754x0\/smart\/https:\/\/agenciabrasil.ebc.com.br\/sites\/default\/files\/thumbnails\/image\/whatsapp_image_2020-10-27_at_19.18.18.jpeg?itok=gQB1dBQO\" alt=\"Boletim epidemiol\u00f3gico covid-19\" title=\"Minist\u00e9rio da Sa\u00fade\"\/><\/figure>\n","protected":false},"excerpt":{"rendered":"<p>At\u00e9 agora, 90,2% dos pacientes se recuperaram da doen\u00e7a Por Jonas Valente \u2013 Rep\u00f3rter Ag\u00eancia<\/p>\n","protected":false},"author":2,"featured_media":4143,"comment_status":"open","ping_status":"open","sticky":false,"template":"","format":"standard","meta":{"footnotes":""},"categories":[17],"tags":[],"class_list":["post-4142","post","type-post","status-publish","format-standard","has-post-thumbnail","hentry","category-outras-noticias"],"_links":{"self":[{"href":"https:\/\/tvc16.com\/portal\/wp-json\/wp\/v2\/posts\/4142","targetHints":{"allow":["GET"]}}],"collection":[{"href":"https:\/\/tvc16.com\/portal\/wp-json\/wp\/v2\/posts"}],"about":[{"href":"https:\/\/tvc16.com\/portal\/wp-json\/wp\/v2\/types\/post"}],"author":[{"embeddable":true,"href":"https:\/\/tvc16.com\/portal\/wp-json\/wp\/v2\/users\/2"}],"replies":[{"embeddable":true,"href":"https:\/\/tvc16.com\/portal\/wp-json\/wp\/v2\/comments?post=4142"}],"version-history":[{"count":1,"href":"https:\/\/tvc16.com\/portal\/wp-json\/wp\/v2\/posts\/4142\/revisions"}],"predecessor-version":[{"id":4144,"href":"https:\/\/tvc16.com\/portal\/wp-json\/wp\/v2\/posts\/4142\/revisions\/4144"}],"wp:featuredmedia":[{"embeddable":true,"href":"https:\/\/tvc16.com\/portal\/wp-json\/wp\/v2\/media\/4143"}],"wp:attachment":[{"href":"https:\/\/tvc16.com\/portal\/wp-json\/wp\/v2\/media?parent=4142"}],"wp:term":[{"taxonomy":"category","embeddable":true,"href":"https:\/\/tvc16.com\/portal\/wp-json\/wp\/v2\/categories?post=4142"},{"taxonomy":"post_tag","embeddable":true,"href":"https:\/\/tvc16.com\/portal\/wp-json\/wp\/v2\/tags?post=4142"}],"curies":[{"name":"wp","href":"https:\/\/api.w.org\/{rel}","templated":true}]}}