{"id":41432,"date":"2022-08-07T08:26:00","date_gmt":"2022-08-07T11:26:00","guid":{"rendered":"https:\/\/tvc16.com\/portal\/?p=41432"},"modified":"2022-08-06T19:50:08","modified_gmt":"2022-08-06T22:50:08","slug":"prefeito-e-secretario-de-turismo-de-nova-friburgo-fazem-visita-oficial-a-gramado","status":"publish","type":"post","link":"https:\/\/tvc16.com\/portal\/2022\/08\/07\/prefeito-e-secretario-de-turismo-de-nova-friburgo-fazem-visita-oficial-a-gramado\/","title":{"rendered":"Prefeito e Secret\u00e1rio de Turismo de Nova Friburgo fazem visita oficial a Gramado"},"content":{"rendered":"\n<p>Na manh\u00e3 e in\u00edcio da tarde da \u00faltima sexta-feira, 05, o prefeito de Nova Friburgo, Johnny Maycon e o secret\u00e1rio de Turismo, Renan Alves, participaram de uma reuni\u00e3o com o Prefeito Nestor Tissot, do munic\u00edpio de Gramado, no Rio Grande do Sul, e com a secret\u00e1ria de Turismo do munic\u00edpio ga\u00facho, Rosa Helena Volk, para conhecer o Plano de Desenvolvimento Tur\u00edstico e discutir os investimentos e estrat\u00e9gias empregados para que Gramado se tornasse esta grande pot\u00eancia nacional no setor.&nbsp;<\/p>\n\n\n\n<p>Al\u00e9m de Turismo, que foi a principal pauta, tamb\u00e9m os representantes de Nova Friburgo dialogaram acerca de sa\u00fade e outros temas relevantes. O prefeito Johnny Maycon aproveitou o encontro oficial para convidar o prefeito e a secret\u00e1ria de Gramado para participarem de um Semin\u00e1rio de Turismo que ser\u00e1 realizado em Nova Friburgo em breve. O objetivo \u00e9 deles compartilharem as suas experi\u00eancias e nos ajudar no processo de fomento do turismo friburguense.&nbsp;<\/p>\n","protected":false},"excerpt":{"rendered":"<p>Na manh\u00e3 e in\u00edcio da tarde da \u00faltima sexta-feira, 05, o prefeito de Nova Friburgo,<\/p>\n","protected":false},"author":2,"featured_media":41433,"comment_status":"open","ping_status":"open","sticky":false,"template":"","format":"standard","meta":{"footnotes":""},"categories":[21,18,17,15],"tags":[],"class_list":["post-41432","post","type-post","status-publish","format-standard","has-post-thumbnail","hentry","category-cultura","category-economia","category-outras-noticias","category-politica"],"_links":{"self":[{"href":"https:\/\/tvc16.com\/portal\/wp-json\/wp\/v2\/posts\/41432","targetHints":{"allow":["GET"]}}],"collection":[{"href":"https:\/\/tvc16.com\/portal\/wp-json\/wp\/v2\/posts"}],"about":[{"href":"https:\/\/tvc16.com\/portal\/wp-json\/wp\/v2\/types\/post"}],"author":[{"embeddable":true,"href":"https:\/\/tvc16.com\/portal\/wp-json\/wp\/v2\/users\/2"}],"replies":[{"embeddable":true,"href":"https:\/\/tvc16.com\/portal\/wp-json\/wp\/v2\/comments?post=41432"}],"version-history":[{"count":1,"href":"https:\/\/tvc16.com\/portal\/wp-json\/wp\/v2\/posts\/41432\/revisions"}],"predecessor-version":[{"id":41434,"href":"https:\/\/tvc16.com\/portal\/wp-json\/wp\/v2\/posts\/41432\/revisions\/41434"}],"wp:featuredmedia":[{"embeddable":true,"href":"https:\/\/tvc16.com\/portal\/wp-json\/wp\/v2\/media\/41433"}],"wp:attachment":[{"href":"https:\/\/tvc16.com\/portal\/wp-json\/wp\/v2\/media?parent=41432"}],"wp:term":[{"taxonomy":"category","embeddable":true,"href":"https:\/\/tvc16.com\/portal\/wp-json\/wp\/v2\/categories?post=41432"},{"taxonomy":"post_tag","embeddable":true,"href":"https:\/\/tvc16.com\/portal\/wp-json\/wp\/v2\/tags?post=41432"}],"curies":[{"name":"wp","href":"https:\/\/api.w.org\/{rel}","templated":true}]}}