{"id":41435,"date":"2022-08-07T10:45:00","date_gmt":"2022-08-07T13:45:00","guid":{"rendered":"https:\/\/tvc16.com\/portal\/?p=41435"},"modified":"2022-08-06T20:13:52","modified_gmt":"2022-08-06T23:13:52","slug":"brasileiros-passaram-mais-tempo-viajando-em-2021-diz-ibge","status":"publish","type":"post","link":"https:\/\/tvc16.com\/portal\/2022\/08\/07\/brasileiros-passaram-mais-tempo-viajando-em-2021-diz-ibge\/","title":{"rendered":"Brasileiros passaram mais tempo viajando em 2021, diz IBGE"},"content":{"rendered":"\n<p><em><strong>Felipe Moura &#8211; Brasil 61<\/strong><\/em><\/p>\n\n\n\n<p>O brasileiro viajou por mais tempo em 2021. De acordo com o levantamento PNAD Cont\u00ednua Turismo 2020-2021, do IBGE, os brasileiros passaram, em m\u00e9dia, sete noites fora de casa no ano passado. A pesquisa tamb\u00e9m mostra que cresceu a propor\u00e7\u00e3o de viagens realizadas no pa\u00eds que resultaram em pernoite, que passou de 73%, em 2019, para 76%, em 2021.&nbsp;<\/p>\n\n\n\n<p>O setor de turismo comemora o resultado, afinal, quanto mais tempo o brasileiro curte a viagem, mais os segmentos faturam. Isso \u00e9 importante para a recupera\u00e7\u00e3o do setor, que deixou de faturar quase R$ 474 bilh\u00f5es em 2020 e 2021 por causa da pandemia, de acordo com a Confedera\u00e7\u00e3o Nacional do Com\u00e9rcio de Bens, Servi\u00e7os e Turismo (CNC).&nbsp;<\/p>\n\n\n\n<p>Magda Nassar, presidente da Associa\u00e7\u00e3o Brasileira de Ag\u00eancias de Viagens (ABAV) diz que o aumento de noites em viagem \u00e9 uma \u201cexcelente not\u00edcia\u201d. Ela afirma que o fen\u00f4meno conhecido como \u201crevenge travels\u201d (viagens de vingan\u00e7a, na tradu\u00e7\u00e3o literal), em que, ap\u00f3s um grande per\u00edodo de restri\u00e7\u00e3o por conta da Covid-19, as pessoas est\u00e3o \u00e1vidas por viajar, chegou com for\u00e7a ao Brasil.&nbsp;<\/p>\n\n\n\n<p>\u201cAs pessoas querem ficar mais tempo fora de casa. O aumento de noites \u00e9 uma grande prova disso. O brasileiro j\u00e1 \u00e9 um viajante que tem o costume de ter estadias mais prolongadas e isso afeta diretamente o faturamento, aumentando a receita e, obviamente, o lucro das empresas, principalmente as ag\u00eancias de viagem e toda a hotelaria\u201d, explica.&nbsp;<\/p>\n\n\n\n<p>Segundo a ABAV, as ag\u00eancias de viagens faturaram cerca de R$ 19,2 bilh\u00f5es em 2021, resultado 37,6% maior do que no ano anterior. Embora representantes do setor de turismo assumam que o faturamento perdido por causa da pandemia n\u00e3o ser\u00e1 recuperado, eles est\u00e3o otimistas com a retomada das atividades.&nbsp;<\/p>\n\n\n\n<p>\u201cO setor de turismo est\u00e1 bastante aquecido. A gente voltou sabendo que ia ter um ano bastante produtivo. N\u00e3o alcan\u00e7amos ainda os n\u00fameros totais, por\u00e9m a gente sabe que vai alcan\u00e7ar bem antes de todas as previs\u00f5es e estimativas que foram feitas antes e durante a pandemia. As ag\u00eancias de viagem t\u00eam bastante trabalho e t\u00eam sentido que as nossas f\u00e9rias de ver\u00e3o, a nossa grande temporada, v\u00e3o ser realmente um momento de recupera\u00e7\u00e3o plena\u201d, acredita Magda.&nbsp;<\/p>\n\n\n\n<p>Quem passa mais tempo fora<br>De acordo com a pesquisa, os moradores da regi\u00e3o Norte s\u00e3o os que passam mais tempo viajando. Os roraimenses, por exemplo, chegaram a dormir fora de casa por cerca de 19 dias. No caso dos amapaenses, o per\u00edodo m\u00e9dio foi de 17 dias, seguido pelos moradores do Acre (14) e do Amazonas (12). Rond\u00f4nia e Amap\u00e1 tamb\u00e9m est\u00e3o entre os dez estados que registraram maior m\u00e9dia de pernoites em viagens.&nbsp;<\/p>\n\n\n\n<p>Quem vive no Distrito Federal tamb\u00e9m costuma passar mais tempo viajando. \u00c9 o caso de Bruna Fernandes, de 24 anos. Apenas no ano passado, ela e a fam\u00edlia viajaram para seis destinos. Bruna conta que costuma pernoitar, em m\u00e9dia, de seis a sete dias em uma cidade. &nbsp;<\/p>\n\n\n\n<p>\u201cO que me motiva ficar fora mais tempo \u00e9 conhecer mais os lugares que a gente visita, porque dependendo do lugar tem passeios que demandam mais dias para serem feitos. Se \u00e9 um lugar muito grande pra conhecer, se chegamos tarde no dia da viagem ou vamos embora cedo, a gente normalmente gosta de ficar mais um tempinho para conhecer mais o lugar\u201d, diz.&nbsp;<\/p>\n\n\n\n<p>De acordo com o levantamento, os moradores de Sergipe e do Esp\u00edrito Santo s\u00e3o aqueles que passaram menos tempo viajando no ano passado.&nbsp;<\/p>\n","protected":false},"excerpt":{"rendered":"<p>Felipe Moura &#8211; Brasil 61 O brasileiro viajou por mais tempo em 2021. De acordo<\/p>\n","protected":false},"author":2,"featured_media":41436,"comment_status":"open","ping_status":"open","sticky":false,"template":"","format":"standard","meta":{"footnotes":""},"categories":[18,17,14],"tags":[],"class_list":["post-41435","post","type-post","status-publish","format-standard","has-post-thumbnail","hentry","category-economia","category-outras-noticias","category-pais"],"_links":{"self":[{"href":"https:\/\/tvc16.com\/portal\/wp-json\/wp\/v2\/posts\/41435","targetHints":{"allow":["GET"]}}],"collection":[{"href":"https:\/\/tvc16.com\/portal\/wp-json\/wp\/v2\/posts"}],"about":[{"href":"https:\/\/tvc16.com\/portal\/wp-json\/wp\/v2\/types\/post"}],"author":[{"embeddable":true,"href":"https:\/\/tvc16.com\/portal\/wp-json\/wp\/v2\/users\/2"}],"replies":[{"embeddable":true,"href":"https:\/\/tvc16.com\/portal\/wp-json\/wp\/v2\/comments?post=41435"}],"version-history":[{"count":1,"href":"https:\/\/tvc16.com\/portal\/wp-json\/wp\/v2\/posts\/41435\/revisions"}],"predecessor-version":[{"id":41437,"href":"https:\/\/tvc16.com\/portal\/wp-json\/wp\/v2\/posts\/41435\/revisions\/41437"}],"wp:featuredmedia":[{"embeddable":true,"href":"https:\/\/tvc16.com\/portal\/wp-json\/wp\/v2\/media\/41436"}],"wp:attachment":[{"href":"https:\/\/tvc16.com\/portal\/wp-json\/wp\/v2\/media?parent=41435"}],"wp:term":[{"taxonomy":"category","embeddable":true,"href":"https:\/\/tvc16.com\/portal\/wp-json\/wp\/v2\/categories?post=41435"},{"taxonomy":"post_tag","embeddable":true,"href":"https:\/\/tvc16.com\/portal\/wp-json\/wp\/v2\/tags?post=41435"}],"curies":[{"name":"wp","href":"https:\/\/api.w.org\/{rel}","templated":true}]}}