{"id":41445,"date":"2022-08-07T13:00:00","date_gmt":"2022-08-07T16:00:00","guid":{"rendered":"https:\/\/tvc16.com\/portal\/?p=41445"},"modified":"2022-08-06T20:52:13","modified_gmt":"2022-08-06T23:52:13","slug":"petrobras-e-estatal-boliviana-fecham-acordo-para-compra-de-gas","status":"publish","type":"post","link":"https:\/\/tvc16.com\/portal\/2022\/08\/07\/petrobras-e-estatal-boliviana-fecham-acordo-para-compra-de-gas\/","title":{"rendered":"Petrobras e estatal boliviana fecham acordo para compra de g\u00e1s"},"content":{"rendered":"\n<p>A\u00a0Petrobras\u00a0e a estatal boliviana\u00a0YPFB\u00a0(Yacimientos Petrol\u00edferos Fiscales Bolivianos) chegaram a um acordo sobre o suprimento de g\u00e1s natural da Bol\u00edvia. Na 6\u00aa feira (05.ago.2022), as empresas assinaram um aditivo ao contrato, que garante a importa\u00e7\u00e3o dos 20 milh\u00f5es de metros c\u00fabicos de g\u00e1s natural por dia contratados.<\/p>\n\n\n\n<p>Em abril, a YPFB havia cortado o fornecimento de g\u00e1s ao Brasil em 30%, ou 4 milh\u00f5es de metros c\u00fabicos por dia. O g\u00e1s foi direcionado \u00e0 Argentina, que havia contratado volumes adicionais por causa do inverno.<\/p>\n\n\n\n<p>Na ocasi\u00e3o, a estatal brasileira afirmou que o contrato entre as empresas previa \u201c<em>consequ\u00eancias ao fornecedor em caso de falha de fornecimento, as quais ser\u00e3o aplicadas pela Petrobras \u00e0 YPFB<\/em>\u201d.<\/p>\n\n\n\n<p>A estatal brasileira disse, em comunicado na 6\u00aa feira (05.ago), que o aditivo assinado flexibiliza a entrega e o recebimento de g\u00e1s natural de acordo com a disponibilidade e sazonalidade da oferta. Isso garantiria \u201cum fornecimento em equil\u00edbrio contratual para as empresas\u201d. Eis a \u00edntegra\u00a0do comunicado (66 KB).<\/p>\n\n\n\n<p>O acordo de importa\u00e7\u00e3o de g\u00e1s natural da Bol\u00edvia foi assinado em 1996, com contrata\u00e7\u00e3o de 30 milh\u00f5es de metros c\u00fabicos por dia. Depois, em 2019, o CNPE (Conselho Nacional de Pol\u00edtica Energ\u00e9tica) publicou uma resolu\u00e7\u00e3o que visava criar condi\u00e7\u00f5es para que outras empresas, al\u00e9m da Petrobras, pudessem ofertar g\u00e1s natural importado no mercado interno.<\/p>\n\n\n\n<p>No mesmo ano, a Petrobras assinou um acordo com o Cade (Conselho Administrativo de Defesa Econ\u00f4mica) e se comprometeu a reduzir suas importa\u00e7\u00f5es de g\u00e1s boliviano para 20 milh\u00f5es de metros c\u00fabicos por dia. Isso abriu espa\u00e7o para que outros agentes privados contratassem g\u00e1s da Bol\u00edvia.<\/p>\n\n\n\n<p><strong><em>Poder 360<\/em><\/strong><\/p>\n","protected":false},"excerpt":{"rendered":"<p>A\u00a0Petrobras\u00a0e a estatal boliviana\u00a0YPFB\u00a0(Yacimientos Petrol\u00edferos Fiscales Bolivianos) chegaram a um acordo sobre o suprimento de<\/p>\n","protected":false},"author":2,"featured_media":41446,"comment_status":"open","ping_status":"open","sticky":false,"template":"","format":"standard","meta":{"footnotes":""},"categories":[18,22,17,14,15],"tags":[],"class_list":["post-41445","post","type-post","status-publish","format-standard","has-post-thumbnail","hentry","category-economia","category-internacional","category-outras-noticias","category-pais","category-politica"],"_links":{"self":[{"href":"https:\/\/tvc16.com\/portal\/wp-json\/wp\/v2\/posts\/41445","targetHints":{"allow":["GET"]}}],"collection":[{"href":"https:\/\/tvc16.com\/portal\/wp-json\/wp\/v2\/posts"}],"about":[{"href":"https:\/\/tvc16.com\/portal\/wp-json\/wp\/v2\/types\/post"}],"author":[{"embeddable":true,"href":"https:\/\/tvc16.com\/portal\/wp-json\/wp\/v2\/users\/2"}],"replies":[{"embeddable":true,"href":"https:\/\/tvc16.com\/portal\/wp-json\/wp\/v2\/comments?post=41445"}],"version-history":[{"count":1,"href":"https:\/\/tvc16.com\/portal\/wp-json\/wp\/v2\/posts\/41445\/revisions"}],"predecessor-version":[{"id":41447,"href":"https:\/\/tvc16.com\/portal\/wp-json\/wp\/v2\/posts\/41445\/revisions\/41447"}],"wp:featuredmedia":[{"embeddable":true,"href":"https:\/\/tvc16.com\/portal\/wp-json\/wp\/v2\/media\/41446"}],"wp:attachment":[{"href":"https:\/\/tvc16.com\/portal\/wp-json\/wp\/v2\/media?parent=41445"}],"wp:term":[{"taxonomy":"category","embeddable":true,"href":"https:\/\/tvc16.com\/portal\/wp-json\/wp\/v2\/categories?post=41445"},{"taxonomy":"post_tag","embeddable":true,"href":"https:\/\/tvc16.com\/portal\/wp-json\/wp\/v2\/tags?post=41445"}],"curies":[{"name":"wp","href":"https:\/\/api.w.org\/{rel}","templated":true}]}}