{"id":4145,"date":"2020-10-27T23:01:22","date_gmt":"2020-10-27T23:01:22","guid":{"rendered":"https:\/\/tvc16.com\/portal\/?p=4145"},"modified":"2020-10-27T23:01:22","modified_gmt":"2020-10-27T23:01:22","slug":"morre-segunda-vitima-apos-incendio-do-hospital-federal-de-bonsucesso","status":"publish","type":"post","link":"https:\/\/tvc16.com\/portal\/2020\/10\/27\/morre-segunda-vitima-apos-incendio-do-hospital-federal-de-bonsucesso\/","title":{"rendered":"Morre segunda v\u00edtima ap\u00f3s inc\u00eandio do Hospital Federal de Bonsucesso"},"content":{"rendered":"\n<h3 class=\"wp-block-heading\">Paciente estava em estado grave no CTI da unidade de sa\u00fade<\/h3>\n\n\n\n<h4 class=\"wp-block-heading\">Por Vladimir Platonow \u2013 Rep\u00f3rter da Ag\u00eancia Brasil &#8211; Rio de Janeiro<\/h4>\n\n\n\n<p>Mais uma pessoa morreu ap\u00f3s o inc\u00eandio que atingiu, na manh\u00e3 desta ter\u00e7a-feira (27), o Hospital Federal de Bonsucesso (HFB). A informa\u00e7\u00e3o foi confirmada no meio da tarde em nota divulgada pela assessoria do hospital.<img decoding=\"async\" src=\"https:\/\/agenciabrasil.ebc.com.br\/ebc.png?id=1391691&amp;o=node\"><img decoding=\"async\" src=\"https:\/\/agenciabrasil.ebc.com.br\/ebc.gif?id=1391691&amp;o=node\"><\/p>\n\n\n\n<p>As pacientes mortas estavam internadas em estado grave no centro de terapia intensiva (CTI) do HFB. Uma delas morreu quando estava sendo transferida para outra unidade de sa\u00fade. O hospital n\u00e3o deu, at\u00e9 o momento, mais informa\u00e7\u00f5es sobre as duas v\u00edtimas.<\/p>\n\n\n\n<p>\u201cA dire\u00e7\u00e3o do Hospital Federal de Bonsucesso informa que, at\u00e9 a chegada do Corpo de Bombeiros, a brigada de inc\u00eandio da unidade removeu 162 pacientes do Pr\u00e9dio 1 para o Pr\u00e9dio 2. O HFB esclarece ainda que 76 pacientes foram transferidos para outras unidades de sa\u00fade. Duas pacientes, que estavam em estado grave, no CTI, vieram a \u00f3bito\u201d, diz a nota.<\/p>\n\n\n\n<p>A prefeitura do Rio do Rio de Janeiro disponibilizou sua rede de hospitais municipais, que receberam, at\u00e9 o fim da tarde, 24 pacientes. O inqu\u00e9rito para apurar as circunst\u00e2ncias do inc\u00eandio foi aberto pela Pol\u00edcia Federal, que enviou ao local uma equipe de policiais, incluindo peritos criminais.<\/p>\n\n\n\n<p>Edi\u00e7\u00e3o: N\u00e1dia Franco<\/p>\n\n\n\n<p><\/p>\n","protected":false},"excerpt":{"rendered":"<p>Paciente estava em estado grave no CTI da unidade de sa\u00fade Por Vladimir Platonow \u2013<\/p>\n","protected":false},"author":2,"featured_media":4146,"comment_status":"open","ping_status":"open","sticky":false,"template":"","format":"standard","meta":{"footnotes":""},"categories":[17],"tags":[],"class_list":["post-4145","post","type-post","status-publish","format-standard","has-post-thumbnail","hentry","category-outras-noticias"],"_links":{"self":[{"href":"https:\/\/tvc16.com\/portal\/wp-json\/wp\/v2\/posts\/4145","targetHints":{"allow":["GET"]}}],"collection":[{"href":"https:\/\/tvc16.com\/portal\/wp-json\/wp\/v2\/posts"}],"about":[{"href":"https:\/\/tvc16.com\/portal\/wp-json\/wp\/v2\/types\/post"}],"author":[{"embeddable":true,"href":"https:\/\/tvc16.com\/portal\/wp-json\/wp\/v2\/users\/2"}],"replies":[{"embeddable":true,"href":"https:\/\/tvc16.com\/portal\/wp-json\/wp\/v2\/comments?post=4145"}],"version-history":[{"count":1,"href":"https:\/\/tvc16.com\/portal\/wp-json\/wp\/v2\/posts\/4145\/revisions"}],"predecessor-version":[{"id":4147,"href":"https:\/\/tvc16.com\/portal\/wp-json\/wp\/v2\/posts\/4145\/revisions\/4147"}],"wp:featuredmedia":[{"embeddable":true,"href":"https:\/\/tvc16.com\/portal\/wp-json\/wp\/v2\/media\/4146"}],"wp:attachment":[{"href":"https:\/\/tvc16.com\/portal\/wp-json\/wp\/v2\/media?parent=4145"}],"wp:term":[{"taxonomy":"category","embeddable":true,"href":"https:\/\/tvc16.com\/portal\/wp-json\/wp\/v2\/categories?post=4145"},{"taxonomy":"post_tag","embeddable":true,"href":"https:\/\/tvc16.com\/portal\/wp-json\/wp\/v2\/tags?post=4145"}],"curies":[{"name":"wp","href":"https:\/\/api.w.org\/{rel}","templated":true}]}}