{"id":41463,"date":"2022-08-07T11:22:56","date_gmt":"2022-08-07T14:22:56","guid":{"rendered":"https:\/\/tvc16.com\/portal\/?p=41463"},"modified":"2022-08-07T11:22:58","modified_gmt":"2022-08-07T14:22:58","slug":"boletim-do-transito-em-petropolis","status":"publish","type":"post","link":"https:\/\/tvc16.com\/portal\/2022\/08\/07\/boletim-do-transito-em-petropolis\/","title":{"rendered":"Boletim do Tr\u00e2nsito em Petr\u00f3polis"},"content":{"rendered":"\n<p>VIAS INTERDITADAS<\/p>\n\n\n\n<p>Castel\u00e2nea<\/p>\n\n\n\n<ul class=\"wp-block-list\"><li>Rua Conde D&#8217;Eu (interditada para obras na via)<\/li><\/ul>\n\n\n\n<p>Centro<br>Rua Alfredo Pach\u00e1<br>(fechada para montagem da Bauernfest &#8211; para dar fluidez, a m\u00e3o da Rua Padre Siqueira foi invertida)<\/p>\n\n\n\n<p>Quissam\u00e3<\/p>\n\n\n\n<ul class=\"wp-block-list\"><li>Rua Francisco Scali<\/li><\/ul>\n\n\n\n<p>Cascatinha<\/p>\n\n\n\n<ul class=\"wp-block-list\"><li>Rua Oliveira Bulh\u00f5es<\/li><\/ul>\n\n\n\n<p>VIAS INTERDITADAS COM TR\u00c2NSITO EM MEIA PISTA, LIVRES PARA VE\u00cdCULOS LEVES E PARA OS MORADORES<\/p>\n\n\n\n<p>Sim\u00e9ria<\/p>\n\n\n\n<ul class=\"wp-block-list\"><li>Rua Manoel Francisco de Paula<\/li><li>Rua Infante Dom Henrique (Sim\u00e9ria X Cremerie)<\/li><\/ul>\n\n\n\n<p>Valpara\u00edso<\/p>\n\n\n\n<ul class=\"wp-block-list\"><li>Avenida Portugal (Batata Frita) liberada das 17h \u00e0s 20h a ve\u00edculos leves, sentido bairro<\/li><li>Rua Padre Moreira (apenas ve\u00edculos leves)<\/li><\/ul>\n\n\n\n<p>Independ\u00eancia<\/p>\n\n\n\n<ul class=\"wp-block-list\"><li>Rua Padre Jos\u00e9 Maur\u00edcio (Bairro Mau\u00e1, em meia pista)<\/li><\/ul>\n","protected":false},"excerpt":{"rendered":"<p>VIAS INTERDITADAS Castel\u00e2nea Rua Conde D&#8217;Eu (interditada para obras na via) CentroRua Alfredo Pach\u00e1(fechada para<\/p>\n","protected":false},"author":2,"featured_media":41207,"comment_status":"open","ping_status":"open","sticky":true,"template":"","format":"standard","meta":{"footnotes":""},"categories":[12,264],"tags":[],"class_list":["post-41463","post","type-post","status-publish","format-standard","has-post-thumbnail","hentry","category-cidade","category-destaque"],"_links":{"self":[{"href":"https:\/\/tvc16.com\/portal\/wp-json\/wp\/v2\/posts\/41463","targetHints":{"allow":["GET"]}}],"collection":[{"href":"https:\/\/tvc16.com\/portal\/wp-json\/wp\/v2\/posts"}],"about":[{"href":"https:\/\/tvc16.com\/portal\/wp-json\/wp\/v2\/types\/post"}],"author":[{"embeddable":true,"href":"https:\/\/tvc16.com\/portal\/wp-json\/wp\/v2\/users\/2"}],"replies":[{"embeddable":true,"href":"https:\/\/tvc16.com\/portal\/wp-json\/wp\/v2\/comments?post=41463"}],"version-history":[{"count":1,"href":"https:\/\/tvc16.com\/portal\/wp-json\/wp\/v2\/posts\/41463\/revisions"}],"predecessor-version":[{"id":41464,"href":"https:\/\/tvc16.com\/portal\/wp-json\/wp\/v2\/posts\/41463\/revisions\/41464"}],"wp:featuredmedia":[{"embeddable":true,"href":"https:\/\/tvc16.com\/portal\/wp-json\/wp\/v2\/media\/41207"}],"wp:attachment":[{"href":"https:\/\/tvc16.com\/portal\/wp-json\/wp\/v2\/media?parent=41463"}],"wp:term":[{"taxonomy":"category","embeddable":true,"href":"https:\/\/tvc16.com\/portal\/wp-json\/wp\/v2\/categories?post=41463"},{"taxonomy":"post_tag","embeddable":true,"href":"https:\/\/tvc16.com\/portal\/wp-json\/wp\/v2\/tags?post=41463"}],"curies":[{"name":"wp","href":"https:\/\/api.w.org\/{rel}","templated":true}]}}