{"id":41465,"date":"2022-08-07T15:44:56","date_gmt":"2022-08-07T18:44:56","guid":{"rendered":"https:\/\/tvc16.com\/portal\/?p=41465"},"modified":"2022-08-07T15:44:57","modified_gmt":"2022-08-07T18:44:57","slug":"prefeitura-abre-matriculas-para-alunos-surdos-na-escola-municipal-santos-dumont","status":"publish","type":"post","link":"https:\/\/tvc16.com\/portal\/2022\/08\/07\/prefeitura-abre-matriculas-para-alunos-surdos-na-escola-municipal-santos-dumont\/","title":{"rendered":"Prefeitura abre matr\u00edculas para alunos surdos na Escola Municipal Santos Dumont"},"content":{"rendered":"\n<p>A partir de segunda-feira (8) abre o prazo de matr\u00edculas de alunos surdos na Escola Municipal de Educa\u00e7\u00e3o Especial Santos Dumont. As inscri\u00e7\u00f5es devem ser feitas na pr\u00f3pria secretaria da unidade at\u00e9 o dia 31 de agosto. A escola \u00e9 a \u00fanica da rede municipal de ensino de Petr\u00f3polis que atende exclusivamente a surdos.<\/p>\n\n\n\n<p>Para fazer a matr\u00edcula \u00e9 preciso levar documento de identidade e CPF do respons\u00e1vel, comprovante de resid\u00eancia, certid\u00e3o de nascimento do aluno, laudo comprobat\u00f3rio da surdez e duas fotos 3&#215;4. As inscri\u00e7\u00f5es devem ser feitas de segunda a sexta-feira, das 9h \u00e0s 13h. A escola funciona na Rua Montecaseros, n\u00famero 520, no Centro da Cidade.<\/p>\n\n\n\n<p>A Escola Municipal de Educa\u00e7\u00e3o Especial Santos Dumont existe h\u00e1 mais de 30 anos e h\u00e1 21 anos est\u00e1 localizada na Rua Montecaseros. Atualmente a unidade conta com 24 alunos, com idades entre cinco e 46 anos.<\/p>\n","protected":false},"excerpt":{"rendered":"<p>A partir de segunda-feira (8) abre o prazo de matr\u00edculas de alunos surdos na Escola<\/p>\n","protected":false},"author":2,"featured_media":41466,"comment_status":"open","ping_status":"open","sticky":true,"template":"","format":"standard","meta":{"footnotes":""},"categories":[12,19],"tags":[],"class_list":["post-41465","post","type-post","status-publish","format-standard","has-post-thumbnail","hentry","category-cidade","category-educacao"],"_links":{"self":[{"href":"https:\/\/tvc16.com\/portal\/wp-json\/wp\/v2\/posts\/41465","targetHints":{"allow":["GET"]}}],"collection":[{"href":"https:\/\/tvc16.com\/portal\/wp-json\/wp\/v2\/posts"}],"about":[{"href":"https:\/\/tvc16.com\/portal\/wp-json\/wp\/v2\/types\/post"}],"author":[{"embeddable":true,"href":"https:\/\/tvc16.com\/portal\/wp-json\/wp\/v2\/users\/2"}],"replies":[{"embeddable":true,"href":"https:\/\/tvc16.com\/portal\/wp-json\/wp\/v2\/comments?post=41465"}],"version-history":[{"count":1,"href":"https:\/\/tvc16.com\/portal\/wp-json\/wp\/v2\/posts\/41465\/revisions"}],"predecessor-version":[{"id":41467,"href":"https:\/\/tvc16.com\/portal\/wp-json\/wp\/v2\/posts\/41465\/revisions\/41467"}],"wp:featuredmedia":[{"embeddable":true,"href":"https:\/\/tvc16.com\/portal\/wp-json\/wp\/v2\/media\/41466"}],"wp:attachment":[{"href":"https:\/\/tvc16.com\/portal\/wp-json\/wp\/v2\/media?parent=41465"}],"wp:term":[{"taxonomy":"category","embeddable":true,"href":"https:\/\/tvc16.com\/portal\/wp-json\/wp\/v2\/categories?post=41465"},{"taxonomy":"post_tag","embeddable":true,"href":"https:\/\/tvc16.com\/portal\/wp-json\/wp\/v2\/tags?post=41465"}],"curies":[{"name":"wp","href":"https:\/\/api.w.org\/{rel}","templated":true}]}}