{"id":41471,"date":"2022-08-07T19:00:00","date_gmt":"2022-08-07T22:00:00","guid":{"rendered":"https:\/\/tvc16.com\/portal\/?p=41471"},"modified":"2022-08-07T17:07:20","modified_gmt":"2022-08-07T20:07:20","slug":"planos-de-saude-devem-cobrir-sessoes-ilimitadas-de-algumas-especialidades","status":"publish","type":"post","link":"https:\/\/tvc16.com\/portal\/2022\/08\/07\/planos-de-saude-devem-cobrir-sessoes-ilimitadas-de-algumas-especialidades\/","title":{"rendered":"Planos de sa\u00fade devem cobrir sess\u00f5es ilimitadas de algumas especialidades"},"content":{"rendered":"\n<p><strong><em>Alan Riosa &#8211; Brasil 61<\/em><\/strong><\/p>\n\n\n\n<p>Pacientes com planos de sa\u00fade que se consultam com psic\u00f3logos, fonoaudi\u00f3logos, terapeutas ocupacionais e fisioterapeutas podem fazer sess\u00f5es ilimitadas. \u00c9 isso que a Ag\u00eancia Nacional de Sa\u00fade Suplementar (ANS) decidiu recentemente e aprovou oficialmente neste m\u00eas de agosto.&nbsp;<\/p>\n\n\n\n<p>A norma altera as regras antigas dos planos de sa\u00fade, que estabeleciam, em m\u00e9dia, at\u00e9 dez sess\u00f5es por ano de algumas dessas especialidades. A medida vale para clientes de planos com qualquer doen\u00e7a e condi\u00e7\u00e3o de sa\u00fade listadas pela Organiza\u00e7\u00e3o Mundial de Sa\u00fade (OMS).<\/p>\n\n\n\n<p>Pessoas com depress\u00e3o, paralisia cerebral, s\u00edndrome de down e esquizofrenia, por exemplo, podem ser beneficiadas. Pedro Lacerda, advogado mestrando em Transforma\u00e7\u00f5es na Ordem Social e Econ\u00f4mica e Regula\u00e7\u00e3o pela Universidade de Bras\u00edlia, comenta a norma lembrando ainda que ela alcan\u00e7a aqueles contratos de coberturas ambulatoriais.<\/p>\n\n\n\n<p>\u201cA nova resolu\u00e7\u00e3o normativa da Ag\u00eancia Nacional de Sa\u00fade Suplementar que determinou o fim da limita\u00e7\u00e3o do n\u00famero de consultas e sess\u00f5es com psic\u00f3logos, fonoaudi\u00f3logos, terapeutas ocupacionais e fisioterapeutas come\u00e7ou a valer desde o dia 1\u00ba, para todos os planos de sa\u00fade regulamentados que tiverem cobertura ambulatorial, ou seja, cobertura de consultas e exames\u201d, diz.<\/p>\n\n\n\n<p>Segundo a ANS, a nova decis\u00e3o tem como objetivo promover a igualdade de direitos aos usu\u00e1rios da sa\u00fade suplementar e padronizar o formato dos procedimentos atualmente assegurados, relativos a essas categorias profissionais.<\/p>\n\n\n\n<p>Uma das pessoas que pode ser beneficiada com a norma \u00e9 a estudante de Bras\u00edlia J\u00falia Valdez. Ela estava realizando sess\u00f5es com psic\u00f3logo, mas teve o n\u00famero de atendimentos limitado e agora aguarda que a cl\u00ednica e o plano contratado se adequem.<\/p>\n\n\n\n<p>\u201cPara quem reconhece que psic\u00f3logo \u00e9 um atendimento muito importante, que seria importante ter esse acompanhamento sempre, dez sess\u00f5es \u00e9 muito pouco. E foi muito pouco mesmo, eu j\u00e1 fiz minhas dez. \u00c9 bem ruim e eu acho que isso limita demais o tratamento. Ent\u00e3o, essa mudan\u00e7a \u00e9 muito boa, porque vai poder permitir que a gente tenha um acompanhamento mais est\u00e1vel, mais duradouro e cont\u00ednuo, o que vai ajudar muito\u201d, opina.<\/p>\n\n\n\n<p>Fernanda Varela, advogada especialista em direito \u00e0 sa\u00fade, explica o que o paciente pode fazer caso a resolu\u00e7\u00e3o ainda n\u00e3o esteja sendo cumprida pelas cl\u00ednicas ou planos. \u201cCaso ocorra o descumprimento da decis\u00e3o da ANS, os pacientes podem fazer uma reclama\u00e7\u00e3o com a ouvidoria das empresas, com a pr\u00f3pria ANS ou ainda chamar o Poder Judici\u00e1rio&#8221;, pontua.<\/p>\n","protected":false},"excerpt":{"rendered":"<p>Alan Riosa &#8211; Brasil 61 Pacientes com planos de sa\u00fade que se consultam com psic\u00f3logos,<\/p>\n","protected":false},"author":2,"featured_media":41472,"comment_status":"open","ping_status":"open","sticky":false,"template":"","format":"standard","meta":{"footnotes":""},"categories":[264,18,17,14,13],"tags":[],"class_list":["post-41471","post","type-post","status-publish","format-standard","has-post-thumbnail","hentry","category-destaque","category-economia","category-outras-noticias","category-pais","category-saude"],"_links":{"self":[{"href":"https:\/\/tvc16.com\/portal\/wp-json\/wp\/v2\/posts\/41471","targetHints":{"allow":["GET"]}}],"collection":[{"href":"https:\/\/tvc16.com\/portal\/wp-json\/wp\/v2\/posts"}],"about":[{"href":"https:\/\/tvc16.com\/portal\/wp-json\/wp\/v2\/types\/post"}],"author":[{"embeddable":true,"href":"https:\/\/tvc16.com\/portal\/wp-json\/wp\/v2\/users\/2"}],"replies":[{"embeddable":true,"href":"https:\/\/tvc16.com\/portal\/wp-json\/wp\/v2\/comments?post=41471"}],"version-history":[{"count":1,"href":"https:\/\/tvc16.com\/portal\/wp-json\/wp\/v2\/posts\/41471\/revisions"}],"predecessor-version":[{"id":41473,"href":"https:\/\/tvc16.com\/portal\/wp-json\/wp\/v2\/posts\/41471\/revisions\/41473"}],"wp:featuredmedia":[{"embeddable":true,"href":"https:\/\/tvc16.com\/portal\/wp-json\/wp\/v2\/media\/41472"}],"wp:attachment":[{"href":"https:\/\/tvc16.com\/portal\/wp-json\/wp\/v2\/media?parent=41471"}],"wp:term":[{"taxonomy":"category","embeddable":true,"href":"https:\/\/tvc16.com\/portal\/wp-json\/wp\/v2\/categories?post=41471"},{"taxonomy":"post_tag","embeddable":true,"href":"https:\/\/tvc16.com\/portal\/wp-json\/wp\/v2\/tags?post=41471"}],"curies":[{"name":"wp","href":"https:\/\/api.w.org\/{rel}","templated":true}]}}