{"id":4148,"date":"2020-10-27T23:04:14","date_gmt":"2020-10-27T23:04:14","guid":{"rendered":"https:\/\/tvc16.com\/portal\/?p=4148"},"modified":"2020-10-27T23:04:14","modified_gmt":"2020-10-27T23:04:14","slug":"stj-absolve-condenado-apenas-com-base-em-reconhecimento-fotografico","status":"publish","type":"post","link":"https:\/\/tvc16.com\/portal\/2020\/10\/27\/stj-absolve-condenado-apenas-com-base-em-reconhecimento-fotografico\/","title":{"rendered":"STJ absolve condenado apenas com base em reconhecimento fotogr\u00e1fico"},"content":{"rendered":"\n<h3 class=\"wp-block-heading\">Decis\u00e3o aponta que falta de provas m\u00ednimas pode suspender senten\u00e7a<\/h3>\n\n\n\n<h4 class=\"wp-block-heading\">Por Andr\u00e9 Richter &#8211; Rep\u00f3rter da Ag\u00eancia Brasil &#8211; Bras\u00edlia<\/h4>\n\n\n\n<p>O Superior Tribunal de Justi\u00e7a (STJ) decidiu hoje (27) absolver um homem condenado por roubo somente com base no reconhecimento fotogr\u00e1fico feito pela v\u00edtima. Pela decis\u00e3o, ficou consignado que a falta de provas m\u00ednimas para acusar algu\u00e9m da pr\u00e1tica de um crime pode levar \u00e0 anula\u00e7\u00e3o da senten\u00e7a.&nbsp;<img decoding=\"async\" src=\"https:\/\/agenciabrasil.ebc.com.br\/ebc.png?id=1391689&amp;o=node\"><img decoding=\"async\" src=\"https:\/\/agenciabrasil.ebc.com.br\/ebc.gif?id=1391689&amp;o=node\"><\/p>\n\n\n\n<p>O caso chegou ao STJ por meio de um recurso protocolado pela Defensoria P\u00fablica. O suspeito foi acusado de ter participado de um assalto em Tubar\u00e3o (SC) e foi condenado a cinco anos e quatro meses de pris\u00e3o. As inst\u00e2ncias inferiores reconheceram que somente o reconhecimento facial, mesmo sem pris\u00e3o em flagrante, seria suficiente para embasar a condena\u00e7\u00e3o.&nbsp;<\/p>\n\n\n\n<p>De acordo com a defensoria, n\u00e3o foi apresentada no inqu\u00e9rito policial nenhuma outra prova. Al\u00e9m disso, os defensores afirmaram que algumas das v\u00edtimas afirmaram que os acusados estavam com o rosto parcialmente cobertos e que n\u00e3o seria poss\u00edvel fazer o reconhecimento.&nbsp;<\/p>\n\n\n\n<p>Ao julgar o processo, o colegiado seguiu voto proferido pelo ministro Rogerio Schietti Cruz, relator do habeas corpus. Para o ministro, o uso exclusivo do reconhecimento como prova pode levar a casos de erro judicial.&nbsp;<\/p>\n\n\n\n<p>\u201cO valor probat\u00f3rio do reconhecimento, portanto, deve ser visto com muito cuidado, justamente em raz\u00e3o da sua alta suscetibilidade de falhas e distor\u00e7\u00f5es. Justamente por possuir, quase sempre, um alto grau de subjetividade e de falibilidade \u00e9 que esse meio de prova deve ser visto com reserva\u201d, escreveu em seu voto.<\/p>\n\n\n\n<p>Edi\u00e7\u00e3o: Aline Leal<\/p>\n","protected":false},"excerpt":{"rendered":"<p>Decis\u00e3o aponta que falta de provas m\u00ednimas pode suspender senten\u00e7a Por Andr\u00e9 Richter &#8211; Rep\u00f3rter<\/p>\n","protected":false},"author":2,"featured_media":4149,"comment_status":"open","ping_status":"open","sticky":false,"template":"","format":"standard","meta":{"footnotes":""},"categories":[14],"tags":[],"class_list":["post-4148","post","type-post","status-publish","format-standard","has-post-thumbnail","hentry","category-pais"],"_links":{"self":[{"href":"https:\/\/tvc16.com\/portal\/wp-json\/wp\/v2\/posts\/4148","targetHints":{"allow":["GET"]}}],"collection":[{"href":"https:\/\/tvc16.com\/portal\/wp-json\/wp\/v2\/posts"}],"about":[{"href":"https:\/\/tvc16.com\/portal\/wp-json\/wp\/v2\/types\/post"}],"author":[{"embeddable":true,"href":"https:\/\/tvc16.com\/portal\/wp-json\/wp\/v2\/users\/2"}],"replies":[{"embeddable":true,"href":"https:\/\/tvc16.com\/portal\/wp-json\/wp\/v2\/comments?post=4148"}],"version-history":[{"count":1,"href":"https:\/\/tvc16.com\/portal\/wp-json\/wp\/v2\/posts\/4148\/revisions"}],"predecessor-version":[{"id":4150,"href":"https:\/\/tvc16.com\/portal\/wp-json\/wp\/v2\/posts\/4148\/revisions\/4150"}],"wp:featuredmedia":[{"embeddable":true,"href":"https:\/\/tvc16.com\/portal\/wp-json\/wp\/v2\/media\/4149"}],"wp:attachment":[{"href":"https:\/\/tvc16.com\/portal\/wp-json\/wp\/v2\/media?parent=4148"}],"wp:term":[{"taxonomy":"category","embeddable":true,"href":"https:\/\/tvc16.com\/portal\/wp-json\/wp\/v2\/categories?post=4148"},{"taxonomy":"post_tag","embeddable":true,"href":"https:\/\/tvc16.com\/portal\/wp-json\/wp\/v2\/tags?post=4148"}],"curies":[{"name":"wp","href":"https:\/\/api.w.org\/{rel}","templated":true}]}}