{"id":4159,"date":"2020-10-28T12:53:22","date_gmt":"2020-10-28T12:53:22","guid":{"rendered":"https:\/\/tvc16.com\/portal\/?p=4159"},"modified":"2020-10-28T12:53:22","modified_gmt":"2020-10-28T12:53:22","slug":"athletico-pr-e-flamengo-fazem-duelo-de-estreia-na-copa-do-brasil","status":"publish","type":"post","link":"https:\/\/tvc16.com\/portal\/2020\/10\/28\/athletico-pr-e-flamengo-fazem-duelo-de-estreia-na-copa-do-brasil\/","title":{"rendered":"Athletico-PR&nbsp;e Flamengo fazem duelo de estreia na Copa do Brasil"},"content":{"rendered":"\n<h3 class=\"wp-block-heading\">Jogo das oitavas de final ser\u00e1 transmitido ao vivo na R\u00e1dio Nacional<\/h3>\n\n\n\n<h4 class=\"wp-block-heading\">Por Rafael Monteiro &#8211; Rep\u00f3rter da R\u00e1dio Nacional &#8211; Rio de Janeiro<\/h4>\n\n\n\n<p>O duelo de rubro-negros agita a noite desta&nbsp;quarta-feira (28). Athletico-PR e Flamengo estreiam na Copa do Brasil \u00e0s 21h30 (hor\u00e1rio de Bras\u00edlia), na Arena da Baixada, em Curitiba (PR). O jogo v\u00e1lido pelas oitavas de final ser\u00e1 a reedi\u00e7\u00e3o das quartas de final do ano passado, quando os paranaenses eliminaram os cariocas, e&nbsp;depois colecionaram vit\u00f3rias at\u00e9 conquistarem o t\u00edtulo de 2019.&nbsp;A partida ter\u00e1 in\u00edcio \u00e0s 21h30 (hor\u00e1rio de Bras\u00edlia) e ser\u00e1 transmitida ao vivo, na&nbsp;<strong><a href=\"https:\/\/radios.ebc.com.br\/nacionalrioam\">R\u00e1dio Nacional<\/a>.&nbsp;<\/strong><img decoding=\"async\" src=\"https:\/\/agenciabrasil.ebc.com.br\/ebc.png?id=1391720&amp;o=node\"><img decoding=\"async\" src=\"https:\/\/agenciabrasil.ebc.com.br\/ebc.gif?id=1391720&amp;o=node\"><\/p>\n\n\n\n<p>O Flamengo que entra\u00a0em campo esta noite\u00a0vive um momento melhor do que o Furac\u00e3o na temporada\u00a02020. No Campeonato Brasileiro, o time carioca ocupa a vice-lideran\u00e7a. J\u00e1 os\u00a0athleticanos est\u00e3o na zona de rebaixamento, em 18\u00ba lugar. As duas equipes j\u00e1 estiveram frente a frente este ano pelo Brasileir\u00e3o, e o\u00a0Flamengo levou a melhor no Maracan\u00e3, ao vencer o Furac\u00e3o por 3 a 1.<\/p>\n\n\n\n<p>Em rela\u00e7\u00e3o \u00e0 Copa Liberadores, ambas as equipes avan\u00e7aram&nbsp;\u00e0s oitavas de final. Contudo, a equipe carioca comandada pelo t\u00e9cnico&nbsp;Dom\u00e8nec Torrent se classificou na primeira coloca\u00e7\u00e3o do Grupo A, enquanto o time de Paulo Autuori ficou em segundo lugar no Grupo C.&nbsp;<\/p>\n\n\n\n<p>Flamengo e Athletico-PR tamb\u00e9m se enfrentaram em em fevereiro, pela Supercopa do Brasil, competi\u00e7\u00e3o entre os campe\u00f5es da Libertadores e da Copa do Brasil\u00a0 no ano seguinte a conquista dos t\u00edtulos. O Rubro-Negro carioca venceu o Furac\u00e3o, por 3 a 0 no est\u00e1dio Man\u00e9 Garrincha, em Bras\u00edlia (BR)<\/p>\n\n\n\n<p>Confira aqui a&nbsp;<a href=\"https:\/\/agenciabrasil.ebc.com.br\/esportes\/tabelas\/copa-do-brasil.html\"><strong>tabela de classifica\u00e7\u00e3o<\/strong><\/a>&nbsp;da Copa do Brasil.<\/p>\n\n\n\n<p>Edi\u00e7\u00e3o: Cl\u00e1udia Soares Rodrigues<\/p>\n","protected":false},"excerpt":{"rendered":"<p>Jogo das oitavas de final ser\u00e1 transmitido ao vivo na R\u00e1dio Nacional Por Rafael Monteiro<\/p>\n","protected":false},"author":2,"featured_media":4160,"comment_status":"open","ping_status":"open","sticky":false,"template":"","format":"standard","meta":{"footnotes":""},"categories":[20],"tags":[],"class_list":["post-4159","post","type-post","status-publish","format-standard","has-post-thumbnail","hentry","category-esporte"],"_links":{"self":[{"href":"https:\/\/tvc16.com\/portal\/wp-json\/wp\/v2\/posts\/4159","targetHints":{"allow":["GET"]}}],"collection":[{"href":"https:\/\/tvc16.com\/portal\/wp-json\/wp\/v2\/posts"}],"about":[{"href":"https:\/\/tvc16.com\/portal\/wp-json\/wp\/v2\/types\/post"}],"author":[{"embeddable":true,"href":"https:\/\/tvc16.com\/portal\/wp-json\/wp\/v2\/users\/2"}],"replies":[{"embeddable":true,"href":"https:\/\/tvc16.com\/portal\/wp-json\/wp\/v2\/comments?post=4159"}],"version-history":[{"count":1,"href":"https:\/\/tvc16.com\/portal\/wp-json\/wp\/v2\/posts\/4159\/revisions"}],"predecessor-version":[{"id":4161,"href":"https:\/\/tvc16.com\/portal\/wp-json\/wp\/v2\/posts\/4159\/revisions\/4161"}],"wp:featuredmedia":[{"embeddable":true,"href":"https:\/\/tvc16.com\/portal\/wp-json\/wp\/v2\/media\/4160"}],"wp:attachment":[{"href":"https:\/\/tvc16.com\/portal\/wp-json\/wp\/v2\/media?parent=4159"}],"wp:term":[{"taxonomy":"category","embeddable":true,"href":"https:\/\/tvc16.com\/portal\/wp-json\/wp\/v2\/categories?post=4159"},{"taxonomy":"post_tag","embeddable":true,"href":"https:\/\/tvc16.com\/portal\/wp-json\/wp\/v2\/tags?post=4159"}],"curies":[{"name":"wp","href":"https:\/\/api.w.org\/{rel}","templated":true}]}}