{"id":4162,"date":"2020-10-28T12:59:07","date_gmt":"2020-10-28T12:59:07","guid":{"rendered":"https:\/\/tvc16.com\/portal\/?p=4162"},"modified":"2020-10-28T12:59:07","modified_gmt":"2020-10-28T12:59:07","slug":"ministro-defende-uso-de-tecnologias-para-combater-crime-organizado","status":"publish","type":"post","link":"https:\/\/tvc16.com\/portal\/2020\/10\/28\/ministro-defende-uso-de-tecnologias-para-combater-crime-organizado\/","title":{"rendered":"Ministro defende uso de tecnologias para combater crime organizado"},"content":{"rendered":"\n<h3 class=\"wp-block-heading\">Andr\u00e9 Mendon\u00e7a ressaltou que \u00e9 necess\u00e1rio investir em intelig\u00eancia<\/h3>\n\n\n\n<h4 class=\"wp-block-heading\">Por Camila Boehm \u2013 Rep\u00f3rter da Ag\u00eancia Brasil &#8211; S\u00e3o Paulo<\/h4>\n\n\n\n<p>O Ministro da Justi\u00e7a e Seguran\u00e7a P\u00fablica, Andr\u00e9 Mendon\u00e7a, disse hoje, na 10\u00aa edi\u00e7\u00e3o do Congresso de Preven\u00e7\u00e3o \u00e0 Lavagem de Dinheiro e ao Financiamento do Terrorismo, que \u00e9 preciso&nbsp;a\u00e7\u00f5es de&nbsp;intelig\u00eancia e uma integra\u00e7\u00e3o da seguran\u00e7a p\u00fablica nacional para combater o crime organizado.<img decoding=\"async\" src=\"https:\/\/agenciabrasil.ebc.com.br\/ebc.png?id=1391705&amp;o=node\"><img decoding=\"async\" src=\"https:\/\/agenciabrasil.ebc.com.br\/ebc.gif?id=1391705&amp;o=node\"><\/p>\n\n\n\n<p>\u201cO desafio \u00e9 grande, a miss\u00e3o ao mesmo tempo em que traz todo esse desafio, nos estimula e tentar trazer mudan\u00e7as efetivas. O que n\u00f3s estamos fazendo de modo espec\u00edfico no minist\u00e9rio? Estamos buscando, revisando todo o nosso portf\u00f3lio de investimento de seguran\u00e7a, saindo daquele mecanismo arma, colete e viatura &#8211; n\u00e3o que isso n\u00e3o seja importante &#8211; mas para sistemas, eu preciso de sistemas que me fa\u00e7am transformar dados em intelig\u00eancia, intelig\u00eancia em conhecimento e em a\u00e7\u00e3o efetiva com resultado\u201d, disse Mendon\u00e7a.<\/p>\n\n\n\n<p>\u201cN\u00e3o adianta n\u00f3s pensarmos que vamos combater esse crime com um 38 na m\u00e3o, um opala novo &#8211; como n\u00f3s t\u00ednhamos 30 anos atr\u00e1s -, n\u00e3o. \u00c9 com intelig\u00eancia, \u00e9 com informa\u00e7\u00e3o, \u00e9 com comunica\u00e7\u00f5es efetivas\u201d, disse. Segundo ele, \u00e9 preciso estar \u00e0 frente do crime organizado para combat\u00ea-lo e, para isso, \u00e9 necess\u00e1rio integrar a seguran\u00e7a p\u00fablica nacional. \u201cN\u00f3s precisamos despolitizar o debate sobre seguran\u00e7a p\u00fablica, n\u00e3o \u00e9 situa\u00e7\u00e3o e oposi\u00e7\u00e3o, \u00e9 o pa\u00eds e \u00e9 a sociedade. Ent\u00e3o investimento em tecnologia da informa\u00e7\u00e3o, conhecimento, investimento em integra\u00e7\u00e3o entre as for\u00e7as de seguran\u00e7a.\u201d<\/p>\n\n\n\n<p>O ministro disse ainda que o crime organizado \u00e9 transnacional e que se utiliza do sistema banc\u00e1rio, do sistema judicial e do sistema pol\u00edtico. \u201cEle lava o dinheiro a tal ponto que se torna um neg\u00f3cio l\u00edcito e em determinado momento voc\u00ea j\u00e1 n\u00e3o consegue dizer o que \u00e9 objeto de lavagem e o que \u00e9 objeto de lucro l\u00edcito, a partir desse branqueamento de recursos.\u201d<\/p>\n\n\n\n<p>\u201cEm suma, hoje o crime organizado \u00e9 invertebrado, celular, n\u00e3o hierarquizado na sua organicidade e atua no que n\u00f3s chamamos de uma estrutura em rede, onde voc\u00ea tira uma lideran\u00e7a, que n\u00f3s nem conhecemos muito bem quem \u00e9, e automaticamente ela j\u00e1 se recomp\u00f5e e o sistema continua a atuar\u201d, avaliou.<\/p>\n\n\n\n<p>Mendon\u00e7a afirmou que a preocupa\u00e7\u00e3o do pa\u00eds com terrorismo, lavagem de dinheiro e crime organizado n\u00e3o ocorre s\u00f3 em fun\u00e7\u00e3o da seguran\u00e7a p\u00fablica, mas por causa \u201cdos investimentos, da atividade econ\u00f4mica e da possibilidade e potencialidade do pa\u00eds ter um crescimento econ\u00f4mico sustent\u00e1vel, efetivo e vigoroso nos pr\u00f3ximos anos\u201d.<\/p>\n\n\n\n<p>\u201cPorque se n\u00f3s n\u00e3o garantirmos isso [estado de seguran\u00e7a], o investimento que n\u00f3s tanto precisamos continuar\u00e1 sendo um rescaldo daquilo que poderia vir para o Brasil. Nesse sentido, eu preciso que todos n\u00f3s compreendamos que lidar com o crime dessa natureza demanda a\u00e7\u00f5es efetivas, en\u00e9rgicas, rigorosas, intransigentes e capazes de dar uma resposta s\u00e9ria, r\u00e1pida e com mudan\u00e7a efetiva da realidade que n\u00f3s vivemos hoje\u201d, acrescentou.<\/p>\n\n\n\n<p>Edi\u00e7\u00e3o: Liliane Farias<\/p>\n","protected":false},"excerpt":{"rendered":"<p>Andr\u00e9 Mendon\u00e7a ressaltou que \u00e9 necess\u00e1rio investir em intelig\u00eancia Por Camila Boehm \u2013 Rep\u00f3rter da<\/p>\n","protected":false},"author":2,"featured_media":4163,"comment_status":"open","ping_status":"open","sticky":false,"template":"","format":"standard","meta":{"footnotes":""},"categories":[16],"tags":[],"class_list":["post-4162","post","type-post","status-publish","format-standard","has-post-thumbnail","hentry","category-colunistas"],"_links":{"self":[{"href":"https:\/\/tvc16.com\/portal\/wp-json\/wp\/v2\/posts\/4162","targetHints":{"allow":["GET"]}}],"collection":[{"href":"https:\/\/tvc16.com\/portal\/wp-json\/wp\/v2\/posts"}],"about":[{"href":"https:\/\/tvc16.com\/portal\/wp-json\/wp\/v2\/types\/post"}],"author":[{"embeddable":true,"href":"https:\/\/tvc16.com\/portal\/wp-json\/wp\/v2\/users\/2"}],"replies":[{"embeddable":true,"href":"https:\/\/tvc16.com\/portal\/wp-json\/wp\/v2\/comments?post=4162"}],"version-history":[{"count":1,"href":"https:\/\/tvc16.com\/portal\/wp-json\/wp\/v2\/posts\/4162\/revisions"}],"predecessor-version":[{"id":4164,"href":"https:\/\/tvc16.com\/portal\/wp-json\/wp\/v2\/posts\/4162\/revisions\/4164"}],"wp:featuredmedia":[{"embeddable":true,"href":"https:\/\/tvc16.com\/portal\/wp-json\/wp\/v2\/media\/4163"}],"wp:attachment":[{"href":"https:\/\/tvc16.com\/portal\/wp-json\/wp\/v2\/media?parent=4162"}],"wp:term":[{"taxonomy":"category","embeddable":true,"href":"https:\/\/tvc16.com\/portal\/wp-json\/wp\/v2\/categories?post=4162"},{"taxonomy":"post_tag","embeddable":true,"href":"https:\/\/tvc16.com\/portal\/wp-json\/wp\/v2\/tags?post=4162"}],"curies":[{"name":"wp","href":"https:\/\/api.w.org\/{rel}","templated":true}]}}