{"id":41647,"date":"2022-08-10T17:35:52","date_gmt":"2022-08-10T20:35:52","guid":{"rendered":"https:\/\/tvc16.com\/portal\/?p=41647"},"modified":"2022-08-10T17:35:52","modified_gmt":"2022-08-10T20:35:52","slug":"comercio-espera-aumento-de-ate-30-nas-vendas-para-o-dia-dos-pais","status":"publish","type":"post","link":"https:\/\/tvc16.com\/portal\/2022\/08\/10\/comercio-espera-aumento-de-ate-30-nas-vendas-para-o-dia-dos-pais\/","title":{"rendered":"Com\u00e9rcio espera aumento de at\u00e9 30% nas vendas para o dia dos pais"},"content":{"rendered":"\n<p>Nas lojas os preparativos est\u00e3o a todo vapor para o Dia dos Pais, no pr\u00f3ximo domingo (14). E, as pe\u00e7as masculinas s\u00e3o destaques nas vitrines. A estimativa divulgada pela Confedera\u00e7\u00e3o Nacional Do Com\u00e9rcio de Bens, Servi\u00e7os e Turismo, na ter\u00e7a-feira (9), \u00e9 que o volume de vendas para a data atinja pouco mais de R$ 7 bilh\u00f5es. Os n\u00fameros v\u00e3o representar alta de 5,3% em rela\u00e7\u00e3o \u00e0 mesma data no ano passado.<\/p>\n\n\n\n<p>Ap\u00f3s enfrentar a pandemia e as chuvas, os comerciantes petropolitanos se preparam para receber os consumidores. \u201cApesar de tudo que a cidade enfrentou, os clientes tem procurados os produtos, mas a expectativa \u00e9 vender mais que no ano passado. Por conta da procura, o estoque precisa estar sempre renovado de acordo com a exig\u00eancia do cliente\u201d, conta a comerciante, Rosane Fran\u00e7a.<\/p>\n\n\n\n<p>Segundo levantamento da Confedera\u00e7\u00e3o Nacional dos Dirigentes Lojistas, o dia dos pais de 2022 deve levar mais de R$ 100 milh\u00f5es de pessoas \u00e0s compras, movimentando mais de R$ 24 bilh\u00f5es no com\u00e9rcio. Em compara\u00e7\u00e3o com o ano passado, a expectativa \u00e9 de que as vendas sejam at\u00e9 30% superiores. Assim como em 2021, as roupas correspondem \u00e0 maior parte das inten\u00e7\u00f5es de compra dos consumidores com 54% votos, seguidas de perfumes e cosm\u00e9ticos que registrou 37%, um pouco mais que cal\u00e7ados que ficou com 35% e acess\u00f3rios 25%.<\/p>\n\n\n\n<p>As op\u00e7\u00f5es s\u00e3o tantas que muitos consumidores ainda n\u00e3o sabem o que dar de presente para o pai, ou marido. \u201cO meu pai j\u00e1 morreu, mas eu tenho o meu marido e vou presentear ele\u201d, conta a gerente Bruna Magalh\u00e3es.<\/p>\n\n\n\n<p>Ainda segundo a CNC, o Sudeste responder\u00e1 por mais da metade das vendas, s\u00f3 o Rio de Janeiro deve movimentar cerca de R$ 6,5 milh\u00f5es de reais. O aumento na procura mais expressivo \u00e9 por roupas masculinas que subiram 21,9% nas vendas. As pe\u00e7as mais procuradas t\u00eam sido camisas polo e casacos, por conta do frio que tem contribu\u00eddo para o aumento na procura. <\/p>\n\n\n\n<p>\u201cGeralmente no Dia dos Pais, o auge das vendas come\u00e7a na quinta-feira (11) em diante. Estamos precisando desse aumento, porque isso tamb\u00e9m gera mais empregos tempor\u00e1rios\u201d, explica o empres\u00e1rio Ant\u00f4nio Tavares.<\/p>\n\n\n\n<p>A CNC estimou que as contrata\u00e7\u00f5es de trabalhadores tempor\u00e1rios, devem chegar a mais de 18 mil vagas para atender \u00e0 demanda das vendas. Se o n\u00famero se confirmar, vai ser o maior desde 2014, quando alcan\u00e7ou 20,3 mil vagas.<\/p>\n\n\n\n<p>Por Larissa Martins<\/p>\n","protected":false},"excerpt":{"rendered":"<p>Nas lojas os preparativos est\u00e3o a todo vapor para o Dia dos Pais, no pr\u00f3ximo<\/p>\n","protected":false},"author":2,"featured_media":41648,"comment_status":"open","ping_status":"open","sticky":false,"template":"","format":"standard","meta":{"footnotes":""},"categories":[12],"tags":[],"class_list":["post-41647","post","type-post","status-publish","format-standard","has-post-thumbnail","hentry","category-cidade"],"_links":{"self":[{"href":"https:\/\/tvc16.com\/portal\/wp-json\/wp\/v2\/posts\/41647","targetHints":{"allow":["GET"]}}],"collection":[{"href":"https:\/\/tvc16.com\/portal\/wp-json\/wp\/v2\/posts"}],"about":[{"href":"https:\/\/tvc16.com\/portal\/wp-json\/wp\/v2\/types\/post"}],"author":[{"embeddable":true,"href":"https:\/\/tvc16.com\/portal\/wp-json\/wp\/v2\/users\/2"}],"replies":[{"embeddable":true,"href":"https:\/\/tvc16.com\/portal\/wp-json\/wp\/v2\/comments?post=41647"}],"version-history":[{"count":1,"href":"https:\/\/tvc16.com\/portal\/wp-json\/wp\/v2\/posts\/41647\/revisions"}],"predecessor-version":[{"id":41649,"href":"https:\/\/tvc16.com\/portal\/wp-json\/wp\/v2\/posts\/41647\/revisions\/41649"}],"wp:featuredmedia":[{"embeddable":true,"href":"https:\/\/tvc16.com\/portal\/wp-json\/wp\/v2\/media\/41648"}],"wp:attachment":[{"href":"https:\/\/tvc16.com\/portal\/wp-json\/wp\/v2\/media?parent=41647"}],"wp:term":[{"taxonomy":"category","embeddable":true,"href":"https:\/\/tvc16.com\/portal\/wp-json\/wp\/v2\/categories?post=41647"},{"taxonomy":"post_tag","embeddable":true,"href":"https:\/\/tvc16.com\/portal\/wp-json\/wp\/v2\/tags?post=41647"}],"curies":[{"name":"wp","href":"https:\/\/api.w.org\/{rel}","templated":true}]}}