{"id":41650,"date":"2022-08-10T17:40:38","date_gmt":"2022-08-10T20:40:38","guid":{"rendered":"https:\/\/tvc16.com\/portal\/?p=41650"},"modified":"2022-08-10T17:40:39","modified_gmt":"2022-08-10T20:40:39","slug":"bares-e-restaurantes-de-petropolis-se-preparam-para-receber-mais-uma-edicao-da-bauernfest","status":"publish","type":"post","link":"https:\/\/tvc16.com\/portal\/2022\/08\/10\/bares-e-restaurantes-de-petropolis-se-preparam-para-receber-mais-uma-edicao-da-bauernfest\/","title":{"rendered":"Bares e restaurantes de Petr\u00f3polis se preparam para receber mais uma edi\u00e7\u00e3o da Bauernfest"},"content":{"rendered":"\n<p>Do dia 12 a 28 de agosto Petr\u00f3polis estar\u00e1 em clima alem\u00e3o. A Bauernfest, tradicional festa germ\u00e2nica da cidade, j\u00e1 ganha forma e tem gerado boas expectativas em quem trabalha nos setores de hotelaria, gastronomia, com\u00e9rcio e turismo em geral. A cada dia que passa, o Centro de Petr\u00f3polis recebe mais caracter\u00edsticas da cultura alem\u00e3. S\u00e3o bandeiras, pratos t\u00edpicos e m\u00fasicas, que preparam a cidade para a segunda maior festa do g\u00eanero no pa\u00eds, e que este ano tem um significado ainda maior: o de reconstru\u00e7\u00e3o. <\/p>\n\n\n\n<p>Ap\u00f3s tantos abalos provocados pelas trag\u00e9dias registradas no munic\u00edpio, o evento promete dar um respiro e um g\u00e1s a mais de esperan\u00e7a para quem vive na regi\u00e3o. \u201cN\u00e3o s\u00f3 o turismo, mas toda a economia no Centro Hist\u00f3rico foi muito afetada. Tivemos duas chuvas fortes em fevereiro e mar\u00e7o, e com isso o desemprego subiu. Julho j\u00e1 foi um m\u00eas muito positivo, mas agora com a Bauernfest ser\u00e1 muito importante para movimentar a economia e com isso gerar emprego e renda na cidade\u201d, disse presidente do sindicato de hospedagem e alimenta\u00e7\u00e3o, Germano Valente.<\/p>\n\n\n\n<p>Estima-se que mais de 300 mil pessoas circulem em Petr\u00f3polis nos 16 dias de festa. N\u00famero de extrema import\u00e2ncia, tendo em vista que desde as trag\u00e9dias esta \u00e9 a primeira vez no ano, que a ocupa\u00e7\u00e3o do Centro Hist\u00f3rico ultrapassa a dos outros distritos. A vinda de mais turistas para a cidade resulta ainda no aumento de contrata\u00e7\u00f5es tempor\u00e1rias, o que tamb\u00e9m auxilia na recupera\u00e7\u00e3o econ\u00f4mica do munic\u00edpio. Al\u00e9m disso, a restaura\u00e7\u00e3o da Catedral S\u00e3o Pedro de Alc\u00e2ntara e do Pal\u00e1cio de Cristal, dois dos principais pontos tur\u00edsticos do munic\u00edpio tem feito a diferen\u00e7a.<\/p>\n\n\n\n<p>\u201cO turismo tem a capacidade de movimentar a economia, toda a cadeia produtiva da cidade se movimenta quando traz os turistas para Petr\u00f3polis\u201d, completou Germano.<\/p>\n\n\n\n<p>Os bares e restaurantes tamb\u00e9m est\u00e3o sendo beneficiados com a festa do colono alem\u00e3o. Principalmente os com\u00e9rcios nas Ruas 13 de Maio e 7 de Abril, \u00e1reas que est\u00e3o pr\u00f3ximas ao Pal\u00e1cio de Cristal, considerado o cora\u00e7\u00e3o da festa. O empres\u00e1rio Augusto Pellegrini possui um com\u00e9rcio, e diz estar ansioso para a festa alem\u00e3.<\/p>\n\n\n\n<p>\u201cAgosto geralmente tem uma baixa nas vendas, e com a Bauernfest a expectativa \u00e9 de um m\u00eas acima da m\u00e9dia. Aqui recebemos em m\u00e9dia 200 pessoas por dia e a expectativa \u00e9 que este n\u00famero, duplique ou at\u00e9 triplique durante os tr\u00eas finais de semana da festa. Al\u00e9m disso, n\u00f3s estamos com um menu e decora\u00e7\u00e3o especiais na casa\u201d, disse o empres\u00e1rio Augusto Pellegrini.<\/p>\n\n\n\n<p>Augusto Pellegrini esclareceu que j\u00e1 refor\u00e7ou o quadro de colaboradores do estabelecimento para conseguir atender da melhor forma os clientes. \u201cA gente j\u00e1 fez as contrata\u00e7\u00f5es antevendo a Bauernfest, para ir treinando os funcion\u00e1rios\u201d, finalizou Augusto.<\/p>\n\n\n\n<p>Por Gabriel Faxola\/ Foto: Marlus Renatto<\/p>\n","protected":false},"excerpt":{"rendered":"<p>Do dia 12 a 28 de agosto Petr\u00f3polis estar\u00e1 em clima alem\u00e3o. A Bauernfest, tradicional<\/p>\n","protected":false},"author":2,"featured_media":41651,"comment_status":"open","ping_status":"open","sticky":false,"template":"","format":"standard","meta":{"footnotes":""},"categories":[12],"tags":[],"class_list":["post-41650","post","type-post","status-publish","format-standard","has-post-thumbnail","hentry","category-cidade"],"_links":{"self":[{"href":"https:\/\/tvc16.com\/portal\/wp-json\/wp\/v2\/posts\/41650","targetHints":{"allow":["GET"]}}],"collection":[{"href":"https:\/\/tvc16.com\/portal\/wp-json\/wp\/v2\/posts"}],"about":[{"href":"https:\/\/tvc16.com\/portal\/wp-json\/wp\/v2\/types\/post"}],"author":[{"embeddable":true,"href":"https:\/\/tvc16.com\/portal\/wp-json\/wp\/v2\/users\/2"}],"replies":[{"embeddable":true,"href":"https:\/\/tvc16.com\/portal\/wp-json\/wp\/v2\/comments?post=41650"}],"version-history":[{"count":1,"href":"https:\/\/tvc16.com\/portal\/wp-json\/wp\/v2\/posts\/41650\/revisions"}],"predecessor-version":[{"id":41652,"href":"https:\/\/tvc16.com\/portal\/wp-json\/wp\/v2\/posts\/41650\/revisions\/41652"}],"wp:featuredmedia":[{"embeddable":true,"href":"https:\/\/tvc16.com\/portal\/wp-json\/wp\/v2\/media\/41651"}],"wp:attachment":[{"href":"https:\/\/tvc16.com\/portal\/wp-json\/wp\/v2\/media?parent=41650"}],"wp:term":[{"taxonomy":"category","embeddable":true,"href":"https:\/\/tvc16.com\/portal\/wp-json\/wp\/v2\/categories?post=41650"},{"taxonomy":"post_tag","embeddable":true,"href":"https:\/\/tvc16.com\/portal\/wp-json\/wp\/v2\/tags?post=41650"}],"curies":[{"name":"wp","href":"https:\/\/api.w.org\/{rel}","templated":true}]}}