{"id":4166,"date":"2020-10-28T15:06:30","date_gmt":"2020-10-28T15:06:30","guid":{"rendered":"https:\/\/tvc16.com\/portal\/?p=4166"},"modified":"2020-10-28T15:06:30","modified_gmt":"2020-10-28T15:06:30","slug":"censo-escolar-2020-migracao-de-matriculas-durante-suspensao-de-aulas-pode-ser-declarada-diz-inep","status":"publish","type":"post","link":"https:\/\/tvc16.com\/portal\/2020\/10\/28\/censo-escolar-2020-migracao-de-matriculas-durante-suspensao-de-aulas-pode-ser-declarada-diz-inep\/","title":{"rendered":"Censo Escolar 2020: migra\u00e7\u00e3o de matr\u00edculas durante suspens\u00e3o de aulas pode ser declarada, diz Inep"},"content":{"rendered":"\n<p>Em resposta \u00e0 CNM, instituto afirmou que as matr\u00edculas podem ser manifestadas desde que \u201cn\u00e3o tenham sido declarados pela escola privada de origem\u201d<\/p>\n\n\n\n<p>O Instituto Nacional de Estudos e Pesquisas Educacionais An\u00edsio Teixeira (Inep) afirmou que todas as novas matr\u00edculas de estudantes transferidos de escolas privadas para escolas p\u00fablicas, feitas ap\u00f3s o dia 11 de mar\u00e7o, data de refer\u00eancia, podem ser informadas no Censo Escolar 2020. No entanto, o instituto ressalva que as matr\u00edculas s\u00f3 devem ser declaradas caso o procedimento n\u00e3o tenha sido feito pela escola particular de origem.<\/p>\n\n\n\n<p><strong><a href=\"https:\/\/brasil61.com\/noticias\/projeto-de-lei-suspende-prazo-para-prestacao-de-contas-em-iniciativas-da-educacao-basica-bras202371\">Projeto de Lei suspende prazo para presta\u00e7\u00e3o de contas em iniciativas da educa\u00e7\u00e3o b\u00e1sica<\/a><\/strong><\/p>\n\n\n\n<p><strong><a href=\"https:\/\/brasil61.com\/noticias\/mec-e-fnde-promovem-evento-para-esclarecer-gestores-sobre-uso-do-recurso-emergencial-do-pdde-bras202365\">MEC e FNDE promovem evento para esclarecer gestores sobre uso do recurso emergencial do PDDE<\/a><\/strong><\/p>\n\n\n\n<p>A posi\u00e7\u00e3o \u00e9 uma resposta \u00e0 uma demanda feita pela Confedera\u00e7\u00e3o Nacional dos Munic\u00edpios (<a href=\"https:\/\/www.cnm.org.br\/\">CNM<\/a>), que tinha preocupa\u00e7\u00e3o quanto \u00e0 mudan\u00e7a de estudantes durante o per\u00edodo de suspens\u00e3o das aulas. De acordo com a CNM, as novas matr\u00edculas precisam ser registradas&nbsp;durante o processo de confer\u00eancia e retifica\u00e7\u00e3o das informa\u00e7\u00f5es do Censo de 2020,&nbsp;prazo que tem t\u00e9rmino em 30 de outubro.<\/p>\n\n\n\n<p>Fonte: <a href=\"https:\/\/brasil61.com\/noticias\/censo-escolar-2020-migracao-de-matriculas-durante-suspensao-de-aulas-pode-ser-declarada-diz-inep-bras202383?email=bethdeoliveira@yahoo.com.br&amp;utm_source=newsletter&amp;utm_medium=newsletter&amp;utm_campaign=newsletter\" target=\"_blank\" rel=\"noreferrer noopener\">Brasil 61<\/a><\/p>\n","protected":false},"excerpt":{"rendered":"<p>Em resposta \u00e0 CNM, instituto afirmou que as matr\u00edculas podem ser manifestadas desde que \u201cn\u00e3o<\/p>\n","protected":false},"author":2,"featured_media":4167,"comment_status":"open","ping_status":"open","sticky":false,"template":"","format":"standard","meta":{"footnotes":""},"categories":[19],"tags":[],"class_list":["post-4166","post","type-post","status-publish","format-standard","has-post-thumbnail","hentry","category-educacao"],"_links":{"self":[{"href":"https:\/\/tvc16.com\/portal\/wp-json\/wp\/v2\/posts\/4166","targetHints":{"allow":["GET"]}}],"collection":[{"href":"https:\/\/tvc16.com\/portal\/wp-json\/wp\/v2\/posts"}],"about":[{"href":"https:\/\/tvc16.com\/portal\/wp-json\/wp\/v2\/types\/post"}],"author":[{"embeddable":true,"href":"https:\/\/tvc16.com\/portal\/wp-json\/wp\/v2\/users\/2"}],"replies":[{"embeddable":true,"href":"https:\/\/tvc16.com\/portal\/wp-json\/wp\/v2\/comments?post=4166"}],"version-history":[{"count":1,"href":"https:\/\/tvc16.com\/portal\/wp-json\/wp\/v2\/posts\/4166\/revisions"}],"predecessor-version":[{"id":4168,"href":"https:\/\/tvc16.com\/portal\/wp-json\/wp\/v2\/posts\/4166\/revisions\/4168"}],"wp:featuredmedia":[{"embeddable":true,"href":"https:\/\/tvc16.com\/portal\/wp-json\/wp\/v2\/media\/4167"}],"wp:attachment":[{"href":"https:\/\/tvc16.com\/portal\/wp-json\/wp\/v2\/media?parent=4166"}],"wp:term":[{"taxonomy":"category","embeddable":true,"href":"https:\/\/tvc16.com\/portal\/wp-json\/wp\/v2\/categories?post=4166"},{"taxonomy":"post_tag","embeddable":true,"href":"https:\/\/tvc16.com\/portal\/wp-json\/wp\/v2\/tags?post=4166"}],"curies":[{"name":"wp","href":"https:\/\/api.w.org\/{rel}","templated":true}]}}