{"id":4169,"date":"2020-10-28T15:07:44","date_gmt":"2020-10-28T15:07:44","guid":{"rendered":"https:\/\/tvc16.com\/portal\/?p=4169"},"modified":"2020-10-28T15:07:44","modified_gmt":"2020-10-28T15:07:44","slug":"70-milhoes-de-animais-devem-ser-vacinados-contra-febre-aftosa-em-novembro","status":"publish","type":"post","link":"https:\/\/tvc16.com\/portal\/2020\/10\/28\/70-milhoes-de-animais-devem-ser-vacinados-contra-febre-aftosa-em-novembro\/","title":{"rendered":"70 milh\u00f5es de animais devem ser vacinados contra febre aftosa em novembro"},"content":{"rendered":"\n<p>Conforme o Calend\u00e1rio Nacional de Vacina\u00e7\u00e3o 2020 a dose \u00e9 destinada a imuniza\u00e7\u00e3o de bovinos e bubalinos com at\u00e9 2 anos de idade<\/p>\n\n\n\n<p>A segunda etapa da vacina\u00e7\u00e3o contra a febre aftosa come\u00e7a no pr\u00f3ximo dia 3 de novembro. Conforme o Calend\u00e1rio Nacional de Vacina\u00e7\u00e3o 2020 a dose \u00e9 destinada &nbsp;a imuniza\u00e7\u00e3o de bovinos e bubalinos com at\u00e9 2 anos de idade na maioria dos estados brasileiros. Ao todo, a expectativa do Minist\u00e9rio da Agricultura \u00e9 de imunizar cerca de 70 milh\u00f5es de animais at\u00e9 o final de novembro.&nbsp;<\/p>\n\n\n\n<p>As vacinas devem ser adquiridas nas revendas autorizadas e mantidas na temperatura entre 2\u00b0C e 8\u00b0C, desde a aquisi\u00e7\u00e3o at\u00e9 o momento da utiliza\u00e7\u00e3o, incluindo o transporte e a aplica\u00e7\u00e3o, j\u00e1 na fazenda. Devem ser usadas agulhas novas para aplica\u00e7\u00e3o da dose de 2 ml na t\u00e1bua do pesco\u00e7o de cada animal, de prefer\u00eancia nas horas mais frescas do dia, para fazer a conten\u00e7\u00e3o adequada dos animais e a aplica\u00e7\u00e3o da vacina.&nbsp;<\/p>\n\n\n\n<p><strong><a href=\"https:\/\/brasil61.com\/noticias\/go-defesa-agropecuaria-do-estado-vai-avaliar-eficiencia-da-vacinacao-contra-febre-aftosa-bras202334\">GO: Defesa Agropecu\u00e1ria do estado vai avaliar efici\u00eancia da vacina\u00e7\u00e3o contra febre aftosa<\/a><\/strong><\/p>\n\n\n\n<p><a href=\"https:\/\/brasil61.com\/noticias\/seis-estados-estao-livres-da-febre-aftosa-sem-vacinacao-reconhece-mapa-bras201354\"><strong>Seis estados est\u00e3o livres da febre aftosa sem vacina\u00e7\u00e3o, reconhece Mapa<\/strong><\/a><\/p>\n\n\n\n<p>O Plano Estrat\u00e9gico do Programa Nacional de Vigil\u00e2ncia para a Febre Aftosa visa manter condi\u00e7\u00f5es sustent\u00e1veis para garantir o status de pa\u00eds livre da doen\u00e7a &nbsp;e tem como &nbsp;objetivo principal ampliar as zonas sem vacina\u00e7\u00e3o. Com a colabora\u00e7\u00e3o de profissionais de diversos \u00f3rg\u00e3os estaduais de defesa sanit\u00e1ria animal, o Departamento de Sa\u00fade Animal da Secretaria de Defesa Agropecu\u00e1ria, publicou o <a href=\"http:\/\/https:\/\/www.gov.br\/agricultura\/pt-br\/assuntos\/sanidade-animal-e-vegetal\/saude-animal\/programas-de-saude-animal\/febre-aftosa\/manualinvestigacaodoencavesicular.pdf\">Manual de Investiga\u00e7\u00e3o de Doen\u00e7a Vesicular<\/a> e o <a href=\"https:\/\/www.gov.br\/agricultura\/pt-br\/assuntos\/sanidade-animal-e-vegetal\/saude-animal\/programas-de-saude-animal\/febre-aftosa\/planocontingenciaparafebreaftosa.pdf\">Plano de Conting\u00eancia para Febre Aftosa<\/a>.<\/p>\n\n\n\n<p><br>O manual estabelece os procedimentos t\u00e9cnicos que devem ser realizados pelos m\u00e9dicos veterin\u00e1rios, quando da suspeita de uma doen\u00e7a com sintomatologia cl\u00ednica compat\u00edvel com a febre aftosa. J\u00e1 o plano de conting\u00eancia descreve todos os procedimentos que devem ser realizados quando da confirma\u00e7\u00e3o de um foco de febre aftosa no pa\u00eds.&nbsp;<\/p>\n\n\n\n<p>Fonte: <a href=\"https:\/\/brasil61.com\/noticias\/70-milhoes-de-animais-devem-ser-vacinados-contra-febre-aftosa-em-novembro-bras202381?email=bethdeoliveira@yahoo.com.br&amp;utm_source=newsletter&amp;utm_medium=newsletter&amp;utm_campaign=newsletter\" target=\"_blank\" rel=\"noreferrer noopener\">Brasil 61<\/a><\/p>\n","protected":false},"excerpt":{"rendered":"<p>Conforme o Calend\u00e1rio Nacional de Vacina\u00e7\u00e3o 2020 a dose \u00e9 destinada a imuniza\u00e7\u00e3o de bovinos<\/p>\n","protected":false},"author":2,"featured_media":4170,"comment_status":"open","ping_status":"open","sticky":false,"template":"","format":"standard","meta":{"footnotes":""},"categories":[17],"tags":[],"class_list":["post-4169","post","type-post","status-publish","format-standard","has-post-thumbnail","hentry","category-outras-noticias"],"_links":{"self":[{"href":"https:\/\/tvc16.com\/portal\/wp-json\/wp\/v2\/posts\/4169","targetHints":{"allow":["GET"]}}],"collection":[{"href":"https:\/\/tvc16.com\/portal\/wp-json\/wp\/v2\/posts"}],"about":[{"href":"https:\/\/tvc16.com\/portal\/wp-json\/wp\/v2\/types\/post"}],"author":[{"embeddable":true,"href":"https:\/\/tvc16.com\/portal\/wp-json\/wp\/v2\/users\/2"}],"replies":[{"embeddable":true,"href":"https:\/\/tvc16.com\/portal\/wp-json\/wp\/v2\/comments?post=4169"}],"version-history":[{"count":1,"href":"https:\/\/tvc16.com\/portal\/wp-json\/wp\/v2\/posts\/4169\/revisions"}],"predecessor-version":[{"id":4171,"href":"https:\/\/tvc16.com\/portal\/wp-json\/wp\/v2\/posts\/4169\/revisions\/4171"}],"wp:featuredmedia":[{"embeddable":true,"href":"https:\/\/tvc16.com\/portal\/wp-json\/wp\/v2\/media\/4170"}],"wp:attachment":[{"href":"https:\/\/tvc16.com\/portal\/wp-json\/wp\/v2\/media?parent=4169"}],"wp:term":[{"taxonomy":"category","embeddable":true,"href":"https:\/\/tvc16.com\/portal\/wp-json\/wp\/v2\/categories?post=4169"},{"taxonomy":"post_tag","embeddable":true,"href":"https:\/\/tvc16.com\/portal\/wp-json\/wp\/v2\/tags?post=4169"}],"curies":[{"name":"wp","href":"https:\/\/api.w.org\/{rel}","templated":true}]}}