{"id":41701,"date":"2022-08-11T14:57:16","date_gmt":"2022-08-11T17:57:16","guid":{"rendered":"https:\/\/tvc16.com\/portal\/?p=41701"},"modified":"2022-08-11T14:58:24","modified_gmt":"2022-08-11T17:58:24","slug":"motoristas-contarao-com-vias-alternativas-durante-a-bauernfest","status":"publish","type":"post","link":"https:\/\/tvc16.com\/portal\/2022\/08\/11\/motoristas-contarao-com-vias-alternativas-durante-a-bauernfest\/","title":{"rendered":"Motoristas contar\u00e3o com vias alternativas durante a Bauernfest"},"content":{"rendered":"\n<p>Os motoristas contar\u00e3o com duas vias alternativas importantes durante a Bauernfest: a Avenida Portugal (Batata Frita), sentido Centro, e a Vila Militar, nos dois sentidos. S\u00e3o rotas que ajudar\u00e3o a dar fluidez no tr\u00e2nsito nos fins de semana, quando milhares de moradores de Petr\u00f3polis e turistas ir\u00e3o para o Pal\u00e1cio de Cristal celebrar a Bauernfest, depois de tr\u00eas anos sem a festa de forma presencial.<\/p>\n\n\n\n<p>A Avenida Portugal estar\u00e1 liberada para ve\u00edculos leves apenas no sentido Centro das 17h de s\u00e1bado \u00e0s 22h de domingo. \u00c9 uma rota importante para quem est\u00e1 no Quitandinha e vai para o Valpara\u00edso, Centro, Mosela ou distritos, sem passar pela Rua Coronel Veiga.<\/p>\n\n\n\n<p>J\u00e1 a Vila Militar estar\u00e1 aberta, nos dois sentidos, de sexta-feira a domingo at\u00e9 a 0h. Essa \u00e9 uma rota alternativa importante que liga a regi\u00e3o do Quitandinha \u00e0 regi\u00e3o do Bingen.<\/p>\n\n\n\n<p>Essas vias alternativas fazem parte do plano de a\u00e7\u00e3o que a Prefeitura, por meio da CPTrans, elaborou para o tr\u00e2nsito da cidade durante a Bauernfest. No plano, est\u00e3o previstas \u00e1reas para embarque, desembarque e estacionamento dos diferentes modos de transporte: carros de passeio, t\u00e1xis, transporte por aplicativo, \u00f4nibus de turismo, Vans de turismo e motos.<\/p>\n","protected":false},"excerpt":{"rendered":"<p>Os motoristas contar\u00e3o com duas vias alternativas importantes durante a Bauernfest: a Avenida Portugal (Batata<\/p>\n","protected":false},"author":2,"featured_media":41702,"comment_status":"open","ping_status":"open","sticky":false,"template":"","format":"standard","meta":{"footnotes":""},"categories":[12],"tags":[],"class_list":["post-41701","post","type-post","status-publish","format-standard","has-post-thumbnail","hentry","category-cidade"],"_links":{"self":[{"href":"https:\/\/tvc16.com\/portal\/wp-json\/wp\/v2\/posts\/41701","targetHints":{"allow":["GET"]}}],"collection":[{"href":"https:\/\/tvc16.com\/portal\/wp-json\/wp\/v2\/posts"}],"about":[{"href":"https:\/\/tvc16.com\/portal\/wp-json\/wp\/v2\/types\/post"}],"author":[{"embeddable":true,"href":"https:\/\/tvc16.com\/portal\/wp-json\/wp\/v2\/users\/2"}],"replies":[{"embeddable":true,"href":"https:\/\/tvc16.com\/portal\/wp-json\/wp\/v2\/comments?post=41701"}],"version-history":[{"count":2,"href":"https:\/\/tvc16.com\/portal\/wp-json\/wp\/v2\/posts\/41701\/revisions"}],"predecessor-version":[{"id":41704,"href":"https:\/\/tvc16.com\/portal\/wp-json\/wp\/v2\/posts\/41701\/revisions\/41704"}],"wp:featuredmedia":[{"embeddable":true,"href":"https:\/\/tvc16.com\/portal\/wp-json\/wp\/v2\/media\/41702"}],"wp:attachment":[{"href":"https:\/\/tvc16.com\/portal\/wp-json\/wp\/v2\/media?parent=41701"}],"wp:term":[{"taxonomy":"category","embeddable":true,"href":"https:\/\/tvc16.com\/portal\/wp-json\/wp\/v2\/categories?post=41701"},{"taxonomy":"post_tag","embeddable":true,"href":"https:\/\/tvc16.com\/portal\/wp-json\/wp\/v2\/tags?post=41701"}],"curies":[{"name":"wp","href":"https:\/\/api.w.org\/{rel}","templated":true}]}}