{"id":41705,"date":"2022-08-11T15:00:12","date_gmt":"2022-08-11T18:00:12","guid":{"rendered":"https:\/\/tvc16.com\/portal\/?p=41705"},"modified":"2022-08-11T15:00:13","modified_gmt":"2022-08-11T18:00:13","slug":"criancas-de-3-e-4-anos-comecaram-a-ser-vacinadas-contra-covid-19-nesta-quinta","status":"publish","type":"post","link":"https:\/\/tvc16.com\/portal\/2022\/08\/11\/criancas-de-3-e-4-anos-comecaram-a-ser-vacinadas-contra-covid-19-nesta-quinta\/","title":{"rendered":"Crian\u00e7as de 3 e 4 anos come\u00e7aram a ser vacinadas contra covid-19 nesta quinta"},"content":{"rendered":"\n<p>Crian\u00e7as de 3 e 4 anos come\u00e7aram nessa quinta-feira (11) a serem imunizadas com a vacina contra a covid-19 em Petr\u00f3polis. At\u00e9 este momento, apenas meninos e meninas imunossuprimidos estavam recebendo as doses. A amplia\u00e7\u00e3o do p\u00fablico foi anunciada na manh\u00e3 desta quarta-feira (10), pelo prefeito Rubens Bomtempo ao lado do secret\u00e1rio de Sa\u00fade, Marcus Curvelo.<\/p>\n\n\n\n<p>Marcus Curvelo explica que como j\u00e1 vinha acontecendo com as crian\u00e7as imunossuprimidas, o imunizante utilizado ser\u00e1 o Coronavac, que prev\u00ea um intervalo de 28 dias entre a aplica\u00e7\u00e3o da primeira e segunda dose. \u201cA expectativa \u00e9 alcan\u00e7armos o total de 7.788 crian\u00e7as de 3 e 4 anos, imunocomprometidas ou n\u00e3o. Importante ressaltar que, segundo orienta\u00e7\u00e3o do Minist\u00e9rio da Sa\u00fade, n\u00e3o existe a necessidade de intervalo entre a vacina contra a covid-19 e as outras previstas nas cadernetas de vacina\u00e7\u00e3o. Podem, inclusive, serem aplicadas no mesmo dia\u201d.<\/p>\n\n\n\n<p>Foto: Jos\u00e9 Cruz\/Ag\u00eancia Brasil<\/p>\n","protected":false},"excerpt":{"rendered":"<p>Crian\u00e7as de 3 e 4 anos come\u00e7aram nessa quinta-feira (11) a serem imunizadas com a<\/p>\n","protected":false},"author":2,"featured_media":41706,"comment_status":"open","ping_status":"open","sticky":false,"template":"","format":"standard","meta":{"footnotes":""},"categories":[12],"tags":[],"class_list":["post-41705","post","type-post","status-publish","format-standard","has-post-thumbnail","hentry","category-cidade"],"_links":{"self":[{"href":"https:\/\/tvc16.com\/portal\/wp-json\/wp\/v2\/posts\/41705","targetHints":{"allow":["GET"]}}],"collection":[{"href":"https:\/\/tvc16.com\/portal\/wp-json\/wp\/v2\/posts"}],"about":[{"href":"https:\/\/tvc16.com\/portal\/wp-json\/wp\/v2\/types\/post"}],"author":[{"embeddable":true,"href":"https:\/\/tvc16.com\/portal\/wp-json\/wp\/v2\/users\/2"}],"replies":[{"embeddable":true,"href":"https:\/\/tvc16.com\/portal\/wp-json\/wp\/v2\/comments?post=41705"}],"version-history":[{"count":1,"href":"https:\/\/tvc16.com\/portal\/wp-json\/wp\/v2\/posts\/41705\/revisions"}],"predecessor-version":[{"id":41707,"href":"https:\/\/tvc16.com\/portal\/wp-json\/wp\/v2\/posts\/41705\/revisions\/41707"}],"wp:featuredmedia":[{"embeddable":true,"href":"https:\/\/tvc16.com\/portal\/wp-json\/wp\/v2\/media\/41706"}],"wp:attachment":[{"href":"https:\/\/tvc16.com\/portal\/wp-json\/wp\/v2\/media?parent=41705"}],"wp:term":[{"taxonomy":"category","embeddable":true,"href":"https:\/\/tvc16.com\/portal\/wp-json\/wp\/v2\/categories?post=41705"},{"taxonomy":"post_tag","embeddable":true,"href":"https:\/\/tvc16.com\/portal\/wp-json\/wp\/v2\/tags?post=41705"}],"curies":[{"name":"wp","href":"https:\/\/api.w.org\/{rel}","templated":true}]}}