{"id":41708,"date":"2022-08-11T15:03:10","date_gmt":"2022-08-11T18:03:10","guid":{"rendered":"https:\/\/tvc16.com\/portal\/?p=41708"},"modified":"2022-08-11T15:03:11","modified_gmt":"2022-08-11T18:03:11","slug":"plano-de-contingencia-para-o-verao-de-2023-em-petropolis-e-reestruturado","status":"publish","type":"post","link":"https:\/\/tvc16.com\/portal\/2022\/08\/11\/plano-de-contingencia-para-o-verao-de-2023-em-petropolis-e-reestruturado\/","title":{"rendered":"Plano de conting\u00eancia para o ver\u00e3o de 2023 em Petr\u00f3polis \u00e9 reestruturado"},"content":{"rendered":"\n<p>A Prefeitura de Petr\u00f3polis reuniu todos os setores da gest\u00e3o para iniciar a restrutura\u00e7\u00e3o do plano de conting\u00eancia para o ver\u00e3o de 2023. O planejamento consolida todas as medidas que cada \u00e1rea deve adotar em situa\u00e7\u00e3o de emerg\u00eancia, como as causadas pelas fortes chuvas que afetam o munic\u00edpio, de forma mais intensa, entre os meses de dezembro a mar\u00e7o. A partir desse primeiro encontro, a Defesa Civil &#8211; que coordena o Plano de Conting\u00eancia &#8211; vai reformular a matriz de responsabilidade que envolve todos os setores municipais. O pr\u00f3ximo passo, ser\u00e1 acionar as demais ag\u00eancias envolvidas nas a\u00e7\u00f5es de resposta em momentos de crise.<\/p>\n\n\n\n<p>Al\u00e9m da reuni\u00e3o com todas as \u00e1reas para a defini\u00e7\u00e3o de a\u00e7\u00f5es e planejamento global, a Secretaria de Defesa Civil j\u00e1 iniciou tamb\u00e9m o alinhamento com \u00e1reas espec\u00edficas como Sa\u00fade, Educa\u00e7\u00e3o e Assist\u00eancia Social. Desde o in\u00edcio do m\u00eas, representantes dos setores trabalham na estrutura\u00e7\u00e3o do protocolo dos locais que servir\u00e3o como pontos de apoio e abrigo para a popula\u00e7\u00e3o afetada. \u201cEsse \u00e9 um outro ponto muito importante do plano de conting\u00eancia. Precisamos garantir que os locais que servir\u00e3o para o abrigamento das pessoas retiradas das \u00e1reas de risco, estejam bem estruturados para o atendimento adequado e seguro\u201d, destacou o secret\u00e1rio de Defesa Civil, o tenente-coronel Gil Kempers.<\/p>\n\n\n\n<p>A partir dos apontamentos sobre estrutura e capacidade operacional de cada setor municipal, ser\u00e3o acionados os demais \u00f3rg\u00e3os e ag\u00eancias, das esferas Estadual e Federal, que atuam no apoio ao munic\u00edpio nos casos de desastres socioambientais. \u201cO plano de conting\u00eancia envolve todos os setores que atuam nas a\u00e7\u00f5es de resposta em caso de desastres. Cada um tem sua fun\u00e7\u00e3o na matriz de responsabilidade e \u00e9 muito importante que todos j\u00e1 participem desse trabalho de alinhamento que estamos fazendo com anteced\u00eancia ao per\u00edodo de chuva intensas\u201d, destacou o subsecret\u00e1rio de Defesa Civil, o tenente-coronel Marcelo Abreu.<\/p>\n\n\n\n<p>Participaram da primeira reuni\u00e3o representantes das secretarias de Assist\u00eancia Social, Sa\u00fade, Educa\u00e7\u00e3o, Gabinete, Desenvolvimento Econ\u00f4mico, Meio Ambiente, Administra\u00e7\u00e3o, Obras, Planejamento, Esporte, Articula\u00e7\u00e3o Institucional, Comunica\u00e7\u00e3o Social e Comdep.<\/p>\n","protected":false},"excerpt":{"rendered":"<p>A Prefeitura de Petr\u00f3polis reuniu todos os setores da gest\u00e3o para iniciar a restrutura\u00e7\u00e3o do<\/p>\n","protected":false},"author":2,"featured_media":41709,"comment_status":"open","ping_status":"open","sticky":false,"template":"","format":"standard","meta":{"footnotes":""},"categories":[12],"tags":[],"class_list":["post-41708","post","type-post","status-publish","format-standard","has-post-thumbnail","hentry","category-cidade"],"_links":{"self":[{"href":"https:\/\/tvc16.com\/portal\/wp-json\/wp\/v2\/posts\/41708","targetHints":{"allow":["GET"]}}],"collection":[{"href":"https:\/\/tvc16.com\/portal\/wp-json\/wp\/v2\/posts"}],"about":[{"href":"https:\/\/tvc16.com\/portal\/wp-json\/wp\/v2\/types\/post"}],"author":[{"embeddable":true,"href":"https:\/\/tvc16.com\/portal\/wp-json\/wp\/v2\/users\/2"}],"replies":[{"embeddable":true,"href":"https:\/\/tvc16.com\/portal\/wp-json\/wp\/v2\/comments?post=41708"}],"version-history":[{"count":1,"href":"https:\/\/tvc16.com\/portal\/wp-json\/wp\/v2\/posts\/41708\/revisions"}],"predecessor-version":[{"id":41710,"href":"https:\/\/tvc16.com\/portal\/wp-json\/wp\/v2\/posts\/41708\/revisions\/41710"}],"wp:featuredmedia":[{"embeddable":true,"href":"https:\/\/tvc16.com\/portal\/wp-json\/wp\/v2\/media\/41709"}],"wp:attachment":[{"href":"https:\/\/tvc16.com\/portal\/wp-json\/wp\/v2\/media?parent=41708"}],"wp:term":[{"taxonomy":"category","embeddable":true,"href":"https:\/\/tvc16.com\/portal\/wp-json\/wp\/v2\/categories?post=41708"},{"taxonomy":"post_tag","embeddable":true,"href":"https:\/\/tvc16.com\/portal\/wp-json\/wp\/v2\/tags?post=41708"}],"curies":[{"name":"wp","href":"https:\/\/api.w.org\/{rel}","templated":true}]}}