{"id":41715,"date":"2022-08-12T08:49:14","date_gmt":"2022-08-12T11:49:14","guid":{"rendered":"https:\/\/tvc16.com\/portal\/?p=41715"},"modified":"2022-08-12T12:05:38","modified_gmt":"2022-08-12T15:05:38","slug":"policia-civil-e-mprj-realizam-operacao-para-afastar-dirigente-da-companhia-petropolitana-de-transito-e-transportes","status":"publish","type":"post","link":"https:\/\/tvc16.com\/portal\/2022\/08\/12\/policia-civil-e-mprj-realizam-operacao-para-afastar-dirigente-da-companhia-petropolitana-de-transito-e-transportes\/","title":{"rendered":"Pol\u00edcia Civil e MPRJ realizam opera\u00e7\u00e3o para afastar dirigente da Companhia Petropolitana de Tr\u00e2nsito e Transportes"},"content":{"rendered":"\n<p>A Pol\u00edcia Civil, por meio da 105.\u00aa Delegacia de Pol\u00edcia e Minist\u00e9rio P\u00fablico do Estado do Rio de Janeiro (MPRJ), por meio Promoria de Investiga\u00e7\u00e3o Penal de Petr\u00f3polis e Coodenadoria de Seguran\u00e7a e Intelig\u00eancia, realizam nesta sexta-feira (12\/08) opera\u00e7\u00e3o policial para cumprir treze mandados de busca e apreens\u00e3o em endere\u00e7os ligados ao Diretor Presidente da Companhia Petropolitana de Tr\u00e2nsito e Transportes, Jamil Miguel Sabr\u00e1 Neto.<\/p>\n\n\n\n<figure class=\"wp-block-gallery has-nested-images columns-default is-cropped wp-block-gallery-1 is-layout-flex wp-block-gallery-is-layout-flex\">\n<figure class=\"wp-block-image size-large\"><img loading=\"lazy\" decoding=\"async\" width=\"1600\" height=\"900\" data-id=\"41722\" src=\"https:\/\/tvc16.com\/portal\/wp-content\/uploads\/2022\/08\/IMG-20220812-WA0025.jpg\" alt=\"\" class=\"wp-image-41722\" srcset=\"https:\/\/tvc16.com\/portal\/wp-content\/uploads\/2022\/08\/IMG-20220812-WA0025.jpg 1600w, https:\/\/tvc16.com\/portal\/wp-content\/uploads\/2022\/08\/IMG-20220812-WA0025-300x169.jpg 300w, https:\/\/tvc16.com\/portal\/wp-content\/uploads\/2022\/08\/IMG-20220812-WA0025-1024x576.jpg 1024w, https:\/\/tvc16.com\/portal\/wp-content\/uploads\/2022\/08\/IMG-20220812-WA0025-768x432.jpg 768w, https:\/\/tvc16.com\/portal\/wp-content\/uploads\/2022\/08\/IMG-20220812-WA0025-1536x864.jpg 1536w\" sizes=\"auto, (max-width: 1600px) 100vw, 1600px\" \/><\/figure>\n<\/figure>\n\n\n\n<p>A pol\u00edcia cumpre buscas na sede da CPTRANS, no Centro de Petr\u00f3polis, e em endere\u00e7os de funcion\u00e1rios do alto escal\u00e3o da empresa e de empres\u00e1rios, nos Bairros de Itaipava, Nogueira, Secret\u00e1rio, Araras, Mosela, Retiro e Centro, todos em Petr\u00f3polis.<\/p>\n\n\n\n<figure class=\"wp-block-image size-large\"><img loading=\"lazy\" decoding=\"async\" width=\"1024\" height=\"576\" src=\"https:\/\/tvc16.com\/portal\/wp-content\/uploads\/2022\/08\/IMG-20220812-WA0024-1024x576.jpg\" alt=\"\" class=\"wp-image-41723\" srcset=\"https:\/\/tvc16.com\/portal\/wp-content\/uploads\/2022\/08\/IMG-20220812-WA0024-1024x576.jpg 1024w, https:\/\/tvc16.com\/portal\/wp-content\/uploads\/2022\/08\/IMG-20220812-WA0024-300x169.jpg 300w, https:\/\/tvc16.com\/portal\/wp-content\/uploads\/2022\/08\/IMG-20220812-WA0024-768x432.jpg 768w, https:\/\/tvc16.com\/portal\/wp-content\/uploads\/2022\/08\/IMG-20220812-WA0024-1536x864.jpg 1536w, https:\/\/tvc16.com\/portal\/wp-content\/uploads\/2022\/08\/IMG-20220812-WA0024.jpg 1600w\" sizes=\"auto, (max-width: 1024px) 100vw, 1024px\" \/><\/figure>\n\n\n\n<p>Apura-se a exist\u00eancia de esquema de corrup\u00e7\u00e3o, dispensa irregular de licita\u00e7\u00e3o e desvio de recursos p\u00fablicos por meio de favorecimento de empresa prestadora de servi\u00e7os de terceiriza\u00e7\u00e3o de m\u00e3o de obra, esquema criminoso que ocasionou preju\u00edzo ao er\u00e1rio superior a meio milh\u00e3o de reais.<\/p>\n\n\n\n<p>Aproveitando-se do estado de calamidade vivenciado pelo Munic\u00edpio de Petr\u00f3polis em decorr\u00eancia das chuvas do dia 15 de fevereiro de 2022, Jamil Sabr\u00e1 Neto contratou, mediante dispensa irregular de licita\u00e7\u00e3o, empresa para prestar servi\u00e7o de m\u00e3o de obra por valor que representa mais do que o dobro do que vinha sendo praticado pela antiga prestadora de servi\u00e7o.<\/p>\n\n\n\n<p>Os mandados de busca e apreens\u00e3o foram expedidos pela 1\u00aa Vara Criminal de Petr\u00f3polis e h\u00e1 tamb\u00e9m a imposi\u00e7\u00e3o de medidas cautelares diversas da pris\u00e3o, notadamente o afastamento de Jamil Miguel Sabr\u00e1 Neto da presid\u00eancia da sociedade an\u00f4nima de economia mista (CPTRANS).<\/p>\n\n\n\n<p>Em nota a CPTrans informou que, o prefeito Rubens Bomtempo convocou o Conselho de Administra\u00e7\u00e3o da Companhia Petropolitana de Tr\u00e2nsito e Transportes (CPTrans), que decidiu pelo afastamento do diretor-presidente e demais pessoas citadas.<\/p>\n\n\n\n<p>A Prefeitura disse ainda, que \u00e9 a maior interessada em apurar os fatos e abriu processo para apurar o caso imediatamente ap\u00f3s deflagrada a opera\u00e7\u00e3o.<\/p>\n\n\n\n<p>A presid\u00eancia da CPTrans ser\u00e1 ocupada pelo atual diretor t\u00e9cnico-operacional da Companhia, Fernando Badia &#8211; que j\u00e1 ocupou o cargo de presidente no \u00faltimo mandato do prefeito Rubens Bomtempo, entre 2015 e 2016.<\/p>\n\n\n\n<p>Foto: arquivo e Richard Stoltzemburg<\/p>\n","protected":false},"excerpt":{"rendered":"<p>A Pol\u00edcia Civil, por meio da 105.\u00aa Delegacia de Pol\u00edcia e Minist\u00e9rio P\u00fablico do Estado<\/p>\n","protected":false},"author":2,"featured_media":41748,"comment_status":"open","ping_status":"open","sticky":false,"template":"","format":"standard","meta":{"footnotes":""},"categories":[12],"tags":[],"class_list":["post-41715","post","type-post","status-publish","format-standard","has-post-thumbnail","hentry","category-cidade"],"_links":{"self":[{"href":"https:\/\/tvc16.com\/portal\/wp-json\/wp\/v2\/posts\/41715","targetHints":{"allow":["GET"]}}],"collection":[{"href":"https:\/\/tvc16.com\/portal\/wp-json\/wp\/v2\/posts"}],"about":[{"href":"https:\/\/tvc16.com\/portal\/wp-json\/wp\/v2\/types\/post"}],"author":[{"embeddable":true,"href":"https:\/\/tvc16.com\/portal\/wp-json\/wp\/v2\/users\/2"}],"replies":[{"embeddable":true,"href":"https:\/\/tvc16.com\/portal\/wp-json\/wp\/v2\/comments?post=41715"}],"version-history":[{"count":5,"href":"https:\/\/tvc16.com\/portal\/wp-json\/wp\/v2\/posts\/41715\/revisions"}],"predecessor-version":[{"id":41729,"href":"https:\/\/tvc16.com\/portal\/wp-json\/wp\/v2\/posts\/41715\/revisions\/41729"}],"wp:featuredmedia":[{"embeddable":true,"href":"https:\/\/tvc16.com\/portal\/wp-json\/wp\/v2\/media\/41748"}],"wp:attachment":[{"href":"https:\/\/tvc16.com\/portal\/wp-json\/wp\/v2\/media?parent=41715"}],"wp:term":[{"taxonomy":"category","embeddable":true,"href":"https:\/\/tvc16.com\/portal\/wp-json\/wp\/v2\/categories?post=41715"},{"taxonomy":"post_tag","embeddable":true,"href":"https:\/\/tvc16.com\/portal\/wp-json\/wp\/v2\/tags?post=41715"}],"curies":[{"name":"wp","href":"https:\/\/api.w.org\/{rel}","templated":true}]}}