{"id":41730,"date":"2022-08-12T11:34:26","date_gmt":"2022-08-12T14:34:26","guid":{"rendered":"https:\/\/tvc16.com\/portal\/?p=41730"},"modified":"2022-08-12T11:34:27","modified_gmt":"2022-08-12T14:34:27","slug":"auxilio-brasil-e-pago-hoje-a-beneficiarios-com-nis-final-4","status":"publish","type":"post","link":"https:\/\/tvc16.com\/portal\/2022\/08\/12\/auxilio-brasil-e-pago-hoje-a-beneficiarios-com-nis-final-4\/","title":{"rendered":"Aux\u00edlio Brasil \u00e9 pago hoje a benefici\u00e1rios com NIS final 4"},"content":{"rendered":"\n<h3 class=\"wp-block-heading\">At\u00e9 o fim do ano, benef\u00edcio tem valor m\u00ednimo de R$ 600 por fam\u00edlia<\/h3>\n\n\n\n<h4 class=\"wp-block-heading\">Por Ag\u00eancia Brasil &#8211; Bras\u00edlia<audio src=\"https:\/\/tts-app.ebc.com.br\/media\/tts\/166335.mp3\"><\/h4>\n\n\n\n<p>A Caixa Econ\u00f4mica Federal paga&nbsp;hoje&nbsp;(12) a parcela&nbsp;de agosto&nbsp;do Aux\u00edlio Brasil aos benefici\u00e1rios com N\u00famero de Inscri\u00e7\u00e3o Social (NIS) de&nbsp;final 4. Essa \u00e9 a primeira parcela com o valor m\u00ednimo de R$ 600, que vigorar\u00e1 at\u00e9 dezembro, conforme&nbsp;<a href=\"https:\/\/agenciabrasil.ebc.com.br\/politica\/noticia\/2022-07\/congresso-promulga-pec-que-aumenta-beneficios-sociais-ate-dezembro\" target=\"_blank\" rel=\"noreferrer noopener\">emenda constitucional<\/a>&nbsp;promulgada em julho pelo Congresso Nacional.<img decoding=\"async\" src=\"https:\/\/agenciabrasil.ebc.com.br\/ebc.png?id=1475949&amp;o=node\"><img decoding=\"async\" src=\"https:\/\/agenciabrasil.ebc.com.br\/ebc.gif?id=1475949&amp;o=node\"><\/p>\n\n\n\n<p>A emenda tamb\u00e9m liberou a inclus\u00e3o de 2,2 milh\u00f5es de fam\u00edlias no Aux\u00edlio Brasil. Com isso, o total de benefici\u00e1rios&nbsp;<a href=\"https:\/\/agenciabrasil.ebc.com.br\/economia\/noticia\/2022-08\/auxilio-brasil-chega-202-milhoes-de-beneficiarios-este-mes\" target=\"_blank\" rel=\"noreferrer noopener\">atendidos pelo programa<\/a>&nbsp;sobe para 20,2 milh\u00f5es a partir deste m\u00eas.<\/p>\n\n\n\n<p>O benefici\u00e1rio poder\u00e1 consultar informa\u00e7\u00f5es sobre as datas de pagamento, o valor do benef\u00edcio e a composi\u00e7\u00e3o das parcelas em dois aplicativos: Aux\u00edlio Brasil, desenvolvido para o programa social, e o Caixa Tem, usado para acompanhar as contas poupan\u00e7a digitais do banco.<\/p>\n\n\n\n<p>Em janeiro, o valor m\u00ednimo do Aux\u00edlio Brasil voltar\u00e1 a R$ 400, a menos que nova proposta de emenda \u00e0 Constitui\u00e7\u00e3o seja aprovada. Tradicionalmente, as datas do Aux\u00edlio Brasil seguem o modelo do Bolsa Fam\u00edlia, que pagava nos dez \u00faltimos dias \u00fateis do m\u00eas. No entanto,&nbsp;<a href=\"https:\/\/agenciabrasil.ebc.com.br\/economia\/noticia\/2020-08\/dou-traz-calendario-de-auxilio-emergencial-para-novos-beneficiarios\" target=\"_blank\" rel=\"noreferrer noopener\">portaria<\/a>&nbsp;editada no in\u00edcio&nbsp;de agosto&nbsp;antecipou o pagamento da parcela&nbsp;deste m\u00eas&nbsp;para o per\u00edodo de&nbsp;9 a&nbsp;22.<\/p>\n\n\n\n<figure class=\"wp-block-image\"><img decoding=\"async\" src=\"https:\/\/imagens.ebc.com.br\/HLRKLsC1stg-NHuf6Mmp7NVf9Rk=\/754x0\/smart\/https:\/\/agenciabrasil.ebc.com.br\/sites\/default\/files\/thumbnails\/image\/tabela_auxilio_brasil_agosto.jpg?itok=ewpUQnsC\" alt=\"Calend\u00e1rio de pagamentos do Aux\u00edlio Brasil de R$ 600\" title=\"Di\u00e1rio Oficial da Uni\u00e3o\"\/><\/figure>\n\n\n\n<p>Calend\u00e1rio de pagamentos do Aux\u00edlio Brasil de R$ 600 &#8211;&nbsp;<strong>Di\u00e1rio Oficial da Uni\u00e3o<\/strong><\/p>\n\n\n\n<h2 class=\"wp-block-heading\">Aux\u00edlio G\u00e1s<\/h2>\n\n\n\n<p>O Aux\u00edlio G\u00e1s tamb\u00e9m ser\u00e1 pago&nbsp;hoje&nbsp;\u00e0s fam\u00edlias inscritas no Cadastro \u00danico para Programas Sociais do Governo Federal (Cad\u00danico), com NIS final 4. Com valor de R$ 110 neste m\u00eas, o benef\u00edcio segue o calend\u00e1rio do Aux\u00edlio Brasil.<\/p>\n\n\n\n<p>Com dura\u00e7\u00e3o prevista de cinco anos, o programa beneficiar\u00e1 5,5 milh\u00f5es de fam\u00edlias, at\u00e9 o fim de 2026. O benef\u00edcio, que equivalia a 50% do pre\u00e7o m\u00e9dio do botij\u00e3o de 13 quilos nos \u00faltimos seis meses, \u00e9&nbsp;retomado em agosto com o valor de 100% do pre\u00e7o m\u00e9dio, o que&nbsp;<a href=\"https:\/\/agenciabrasil.ebc.com.br\/economia\/noticia\/2022-08\/auxilio-gas-sera-de-r-110-em-agosto-informa-caixa\" target=\"_blank\" rel=\"noreferrer noopener\">equivale a R$ 110<\/a>. O&nbsp;aumento vigora at\u00e9 dezembro, conforme emenda constitucional promulgada pelo Congresso.<\/p>\n\n\n\n<p>Pago a cada dois meses, o Aux\u00edlio G\u00e1s originalmente tinha or\u00e7amento de R$ 1,9 bilh\u00e3o para este ano, mas a verba subiu para R$ 2,95 bilh\u00f5es ap\u00f3s a promulga\u00e7\u00e3o da emenda.<\/p>\n\n\n\n<p>S\u00f3 pode fazer parte do programa quem est\u00e1 inclu\u00eddo no Cad\u00danico e tenha pelo menos um membro da fam\u00edlia que receba o Benef\u00edcio de Presta\u00e7\u00e3o Continuada (BPC). A lei que criou o programa definiu que a mulher respons\u00e1vel pela fam\u00edlia&nbsp;ter\u00e1 prefer\u00eancia, assim como mulheres v\u00edtimas de viol\u00eancia&nbsp;dom\u00e9stica.<\/p>\n\n\n\n<h2 class=\"wp-block-heading\">Benef\u00edcios b\u00e1sicos<\/h2>\n\n\n\n<p>O Aux\u00edlio Brasil tem tr\u00eas benef\u00edcios b\u00e1sicos e seis suplementares, que podem ser adicionados caso o benefici\u00e1rio consiga emprego ou tenha filho que se destaque em competi\u00e7\u00f5es esportivas, cient\u00edficas ou&nbsp;acad\u00eamicas.<\/p>\n\n\n\n<p>Podem receber os benef\u00edcios extras as fam\u00edlias com renda&nbsp;<em>per capita<\/em>&nbsp;at\u00e9 R$ 100, consideradas em situa\u00e7\u00e3o de extrema pobreza, e at\u00e9 R$ 200, em condi\u00e7\u00e3o de pobreza.<\/p>\n\n\n\n<p>A&nbsp;<strong>Ag\u00eancia Brasil<\/strong>&nbsp;elaborou&nbsp;<a href=\"http:\/\/agenciabrasil.ebc.com.br\/economia\/noticia\/2021-11\/agencia-brasil-explica-como-vai-funcionar-o-auxilio-brasil\" target=\"_blank\" rel=\"noreferrer noopener\">guia de perguntas e respostas<\/a>&nbsp;sobre o Aux\u00edlio Brasil. Entre as d\u00favidas que o benefici\u00e1rio pode tirar est\u00e3o crit\u00e9rios para integrar o programa social, os nove tipos diferentes de benef\u00edcios e o que aconteceu com o Bolsa Fam\u00edlia e o aux\u00edlio emergencial, que vigoraram at\u00e9 outubro do ano passado.<\/p>\n\n\n\n<p>Edi\u00e7\u00e3o: Gra\u00e7a Adjuto<\/p>\n","protected":false},"excerpt":{"rendered":"<p>At\u00e9 o fim do ano, benef\u00edcio tem valor m\u00ednimo de R$ 600 por fam\u00edlia Por<\/p>\n","protected":false},"author":2,"featured_media":41731,"comment_status":"open","ping_status":"open","sticky":false,"template":"","format":"standard","meta":{"footnotes":""},"categories":[17],"tags":[],"class_list":["post-41730","post","type-post","status-publish","format-standard","has-post-thumbnail","hentry","category-outras-noticias"],"_links":{"self":[{"href":"https:\/\/tvc16.com\/portal\/wp-json\/wp\/v2\/posts\/41730","targetHints":{"allow":["GET"]}}],"collection":[{"href":"https:\/\/tvc16.com\/portal\/wp-json\/wp\/v2\/posts"}],"about":[{"href":"https:\/\/tvc16.com\/portal\/wp-json\/wp\/v2\/types\/post"}],"author":[{"embeddable":true,"href":"https:\/\/tvc16.com\/portal\/wp-json\/wp\/v2\/users\/2"}],"replies":[{"embeddable":true,"href":"https:\/\/tvc16.com\/portal\/wp-json\/wp\/v2\/comments?post=41730"}],"version-history":[{"count":1,"href":"https:\/\/tvc16.com\/portal\/wp-json\/wp\/v2\/posts\/41730\/revisions"}],"predecessor-version":[{"id":41732,"href":"https:\/\/tvc16.com\/portal\/wp-json\/wp\/v2\/posts\/41730\/revisions\/41732"}],"wp:featuredmedia":[{"embeddable":true,"href":"https:\/\/tvc16.com\/portal\/wp-json\/wp\/v2\/media\/41731"}],"wp:attachment":[{"href":"https:\/\/tvc16.com\/portal\/wp-json\/wp\/v2\/media?parent=41730"}],"wp:term":[{"taxonomy":"category","embeddable":true,"href":"https:\/\/tvc16.com\/portal\/wp-json\/wp\/v2\/categories?post=41730"},{"taxonomy":"post_tag","embeddable":true,"href":"https:\/\/tvc16.com\/portal\/wp-json\/wp\/v2\/tags?post=41730"}],"curies":[{"name":"wp","href":"https:\/\/api.w.org\/{rel}","templated":true}]}}