{"id":4175,"date":"2020-10-28T15:12:02","date_gmt":"2020-10-28T15:12:02","guid":{"rendered":"https:\/\/tvc16.com\/portal\/?p=4175"},"modified":"2020-10-28T15:12:02","modified_gmt":"2020-10-28T15:12:02","slug":"pesquisa-utiliza-terapia-a-partir-de-celulas-tronco-para-combater-covid-19","status":"publish","type":"post","link":"https:\/\/tvc16.com\/portal\/2020\/10\/28\/pesquisa-utiliza-terapia-a-partir-de-celulas-tronco-para-combater-covid-19\/","title":{"rendered":"Pesquisa utiliza terapia a partir de c\u00e9lulas-tronco para combater Covid-19"},"content":{"rendered":"\n<p>O objetivo \u00e9 entender o processo de comunica\u00e7\u00e3o entre as c\u00e9lulas de diferentes partes do corpo e quais delas s\u00e3o liberadas durante a infec\u00e7\u00e3o pelo v\u00edrus causador da doen\u00e7a<\/p>\n\n\n\n<p>Um estudo elaborado pela Escola Paulista de Medicina, da Universidade Federal de S\u00e3o Paulo <a href=\"https:\/\/www.unifesp.br\/\">(Unifesp)<\/a>, pode ajudar na aplica\u00e7\u00e3o de uma terapia contra a Covid-19, desenvolvida a partir de c\u00e9lulas-tronco. O projeto foi selecionado no Programa de Combate a Epidemias da Coordena\u00e7\u00e3o de Aperfei\u00e7oamento de Pessoal de N\u00edvel Superior (CAPES), vinculada ao <a href=\"https:\/\/www.gov.br\/mec\/pt-br\">Minist\u00e9rio da Educa\u00e7\u00e3o.<\/a><\/p>\n\n\n\n<p>O objetivo \u00e9 entender o processo de comunica\u00e7\u00e3o entre as c\u00e9lulas de diferentes partes do corpo e quais delas s\u00e3o liberadas durante a infec\u00e7\u00e3o pelo v\u00edrus causador da doen\u00e7a.<\/p>\n\n\n\n<p><a href=\"https:\/\/brasil61.com\/noticias\/estados-recebem-mais-de-11-mil-ventiladores-pulmonares-bras202377\"><strong>Estados recebem mais de 11 mil ventiladores pulmonares<\/strong><\/a><\/p>\n\n\n\n<p><a href=\"https:\/\/brasil61.com\/noticias\/saude-podera-perder-cerca-de-r-35-bilhoes-no-orcamento-de-2021-bras202380\"><strong>Sa\u00fade poder\u00e1 perder cerca de R$35 bilh\u00f5es no Or\u00e7amento de 2021<\/strong><\/a><\/p>\n\n\n\n<p>A pesquisa \u00e9 liderada pelo pesquisador do programa de p\u00f3s-gradua\u00e7\u00e3o em Medicina (Nefrologia) e especialista em c\u00e9lulas-tronco mesenquimais, Danilo C\u00e2ndido de Almeida. Segundo ele, a Covid-19 \u00e9 uma doen\u00e7a que abrange m\u00faltiplos \u00f3rg\u00e3os e que a comunica\u00e7\u00e3o celular \u00e9 importante para interpretar como as c\u00e9lulas interagem entre si.<br>&nbsp;<\/p>\n\n\n\n<p>Fonte: <a href=\"https:\/\/brasil61.com\/noticias\/pesquisa-utiliza-terapia-a-partir-de-celulas-tronco-para-combater-covid-19-bras202384?email=bethdeoliveira@yahoo.com.br&amp;utm_source=newsletter&amp;utm_medium=newsletter&amp;utm_campaign=newsletter\" target=\"_blank\" rel=\"noreferrer noopener\">Brasil 61<\/a><\/p>\n","protected":false},"excerpt":{"rendered":"<p>O objetivo \u00e9 entender o processo de comunica\u00e7\u00e3o entre as c\u00e9lulas de diferentes partes do<\/p>\n","protected":false},"author":2,"featured_media":4176,"comment_status":"open","ping_status":"open","sticky":false,"template":"","format":"standard","meta":{"footnotes":""},"categories":[13],"tags":[],"class_list":["post-4175","post","type-post","status-publish","format-standard","has-post-thumbnail","hentry","category-saude"],"_links":{"self":[{"href":"https:\/\/tvc16.com\/portal\/wp-json\/wp\/v2\/posts\/4175","targetHints":{"allow":["GET"]}}],"collection":[{"href":"https:\/\/tvc16.com\/portal\/wp-json\/wp\/v2\/posts"}],"about":[{"href":"https:\/\/tvc16.com\/portal\/wp-json\/wp\/v2\/types\/post"}],"author":[{"embeddable":true,"href":"https:\/\/tvc16.com\/portal\/wp-json\/wp\/v2\/users\/2"}],"replies":[{"embeddable":true,"href":"https:\/\/tvc16.com\/portal\/wp-json\/wp\/v2\/comments?post=4175"}],"version-history":[{"count":1,"href":"https:\/\/tvc16.com\/portal\/wp-json\/wp\/v2\/posts\/4175\/revisions"}],"predecessor-version":[{"id":4177,"href":"https:\/\/tvc16.com\/portal\/wp-json\/wp\/v2\/posts\/4175\/revisions\/4177"}],"wp:featuredmedia":[{"embeddable":true,"href":"https:\/\/tvc16.com\/portal\/wp-json\/wp\/v2\/media\/4176"}],"wp:attachment":[{"href":"https:\/\/tvc16.com\/portal\/wp-json\/wp\/v2\/media?parent=4175"}],"wp:term":[{"taxonomy":"category","embeddable":true,"href":"https:\/\/tvc16.com\/portal\/wp-json\/wp\/v2\/categories?post=4175"},{"taxonomy":"post_tag","embeddable":true,"href":"https:\/\/tvc16.com\/portal\/wp-json\/wp\/v2\/tags?post=4175"}],"curies":[{"name":"wp","href":"https:\/\/api.w.org\/{rel}","templated":true}]}}