{"id":4185,"date":"2020-10-28T16:19:32","date_gmt":"2020-10-28T16:19:32","guid":{"rendered":"https:\/\/tvc16.com\/portal\/?p=4185"},"modified":"2020-10-28T16:19:32","modified_gmt":"2020-10-28T16:19:32","slug":"habeas-corpus-coletivo-determina-nova-prorrogacao-de-90-dias-para-retorno-de-presos","status":"publish","type":"post","link":"https:\/\/tvc16.com\/portal\/2020\/10\/28\/habeas-corpus-coletivo-determina-nova-prorrogacao-de-90-dias-para-retorno-de-presos\/","title":{"rendered":"Habeas corpus coletivo determina nova prorroga\u00e7\u00e3o de 90 dias para retorno de presos"},"content":{"rendered":"\n<p><br><em>O pedido, concedido nesta ter\u00e7a-feira,(27), \u00e9 resultado do n\u00e3o cumprimento de requisitos sanit\u00e1rios m\u00ednimos em plano de retorno apresentado pela SEAP\u00a0<\/em><br>A Defensoria P\u00fablica do Rio, atrav\u00e9s da Coordena\u00e7\u00e3o de Defesa Criminal e do N\u00facleo do Sistema Penitenci\u00e1rio, conseguiu uma extens\u00e3o de 90 dias para o retorno de cerca de 3 mil presos \u00e0s suas respectivas unidades prisionais devido ao risco de cont\u00e1gio pela Covid-19.\u00a0<\/p>\n\n\n\n<p>A medida vale apenas para aqueles cumprindo regime semiaberto e benefici\u00e1rios da visita peri\u00f3dica ao lar e medida de seguran\u00e7a com sa\u00edda terap\u00eautica. A preocupa\u00e7\u00e3o \u00e9 que esses indiv\u00edduos possam transmitir o v\u00edrus para dentro das unidades ao retornarem.<\/p>\n\n\n\n<p>Em julho, a justi\u00e7a determinou que a Secretaria de Estado de Administra\u00e7\u00e3o Penitenci\u00e1ria (SEAP) apresentasse um plano de retorno em car\u00e1ter de urg\u00eancia, contando com novas medidas de seguran\u00e7a para o sistema prisional. O plano apresentado, no entanto, foi considerado vago e impreciso pela Defensoria, pois n\u00e3o indicava crit\u00e9rios de controle epidemiol\u00f3gico e ado\u00e7\u00e3o de medidas m\u00ednimas de preven\u00e7\u00e3o.&nbsp;<\/p>\n\n\n\n<p>Devido \u00e0 falta de requisitos sanit\u00e1rios m\u00ednimos, o retorno dos presos, previsto para 14 de setembro, n\u00e3o foi considerado seguro. Um novo plano, novamente apresentado pela SEAP, tamb\u00e9m n\u00e3o cumpriu os requisitos exigidos.<\/p>\n\n\n\n<p>Foi ent\u00e3o que a Defensoria P\u00fablica entrou com o pedido de habeas corpus coletivo, que prorrogou o prazo de retorno para mais 90 dias a partir da data do julgamento. Ao final do per\u00edodo, uma nova decis\u00e3o ser\u00e1 tomada. A sess\u00e3o ocorreu na 1\u00aa C\u00e2mara Criminal do Tribunal de Justi\u00e7a do Rio de Janeiro (TJRJ).<\/p>\n\n\n\n<p>A visita peri\u00f3dica ao lar, ou VPL, \u00e9 um benef\u00edcio concedido a presos com comportamento adequado e que j\u00e1 cumpriram no m\u00ednimo um sexto da pena, se r\u00e9u prim\u00e1rio; e um quarto, se reincidente. Trata-se de uma autoriza\u00e7\u00e3o para sa\u00edda tempor\u00e1ria, do estabelecimento penal \u00e0 resid\u00eancia familiar, em datas festivas ou dias estabelecidos.&nbsp;<\/p>\n\n\n\n<p>\u201c\u00c9 uma decis\u00e3o muito importante porque protege tanto as pessoas que est\u00e3o acauteladas como aqueles que retornariam diante de um cen\u00e1rio que mostra um crescimento de transmiss\u00e3o dentro dos pres\u00eddios brasileiros, especialmente os do Estado do Rio de Janeiro que, como se sabe, est\u00e3o com superlota\u00e7\u00e3o, condi\u00e7\u00f5es insalubres, falta de luz solar, falta de ventila\u00e7\u00e3o e aus\u00eancia de servi\u00e7os b\u00e1sicos de sa\u00fade\u201d, afirma Daniel Diamantaras, Coordenador do N\u00facleo do Sistema Penitenci\u00e1rio (NUSPEN).<\/p>\n","protected":false},"excerpt":{"rendered":"<p>O pedido, concedido nesta ter\u00e7a-feira,(27), \u00e9 resultado do n\u00e3o cumprimento de requisitos sanit\u00e1rios m\u00ednimos em<\/p>\n","protected":false},"author":2,"featured_media":4186,"comment_status":"open","ping_status":"open","sticky":false,"template":"","format":"standard","meta":{"footnotes":""},"categories":[17],"tags":[],"class_list":["post-4185","post","type-post","status-publish","format-standard","has-post-thumbnail","hentry","category-outras-noticias"],"_links":{"self":[{"href":"https:\/\/tvc16.com\/portal\/wp-json\/wp\/v2\/posts\/4185","targetHints":{"allow":["GET"]}}],"collection":[{"href":"https:\/\/tvc16.com\/portal\/wp-json\/wp\/v2\/posts"}],"about":[{"href":"https:\/\/tvc16.com\/portal\/wp-json\/wp\/v2\/types\/post"}],"author":[{"embeddable":true,"href":"https:\/\/tvc16.com\/portal\/wp-json\/wp\/v2\/users\/2"}],"replies":[{"embeddable":true,"href":"https:\/\/tvc16.com\/portal\/wp-json\/wp\/v2\/comments?post=4185"}],"version-history":[{"count":1,"href":"https:\/\/tvc16.com\/portal\/wp-json\/wp\/v2\/posts\/4185\/revisions"}],"predecessor-version":[{"id":4187,"href":"https:\/\/tvc16.com\/portal\/wp-json\/wp\/v2\/posts\/4185\/revisions\/4187"}],"wp:featuredmedia":[{"embeddable":true,"href":"https:\/\/tvc16.com\/portal\/wp-json\/wp\/v2\/media\/4186"}],"wp:attachment":[{"href":"https:\/\/tvc16.com\/portal\/wp-json\/wp\/v2\/media?parent=4185"}],"wp:term":[{"taxonomy":"category","embeddable":true,"href":"https:\/\/tvc16.com\/portal\/wp-json\/wp\/v2\/categories?post=4185"},{"taxonomy":"post_tag","embeddable":true,"href":"https:\/\/tvc16.com\/portal\/wp-json\/wp\/v2\/tags?post=4185"}],"curies":[{"name":"wp","href":"https:\/\/api.w.org\/{rel}","templated":true}]}}