{"id":4188,"date":"2020-10-28T16:21:03","date_gmt":"2020-10-28T16:21:03","guid":{"rendered":"https:\/\/tvc16.com\/portal\/?p=4188"},"modified":"2020-10-28T16:21:03","modified_gmt":"2020-10-28T16:21:03","slug":"governo-do-rio-propoe-que-stf-medie-conciliacao-entre-estados-sobre-partilha-dos-royalties","status":"publish","type":"post","link":"https:\/\/tvc16.com\/portal\/2020\/10\/28\/governo-do-rio-propoe-que-stf-medie-conciliacao-entre-estados-sobre-partilha-dos-royalties\/","title":{"rendered":"Governo do Rio prop\u00f5e que STF medie concilia\u00e7\u00e3o entre estados sobre partilha dos Royalties"},"content":{"rendered":"\n<p><br><em>O governador em exerc\u00edcio e o presidente da Alerj buscam entendimento junto ao ministro Fux para restabelecer negocia\u00e7\u00f5es entre estados produtores e n\u00e3o produtores de petr\u00f3leo<\/em><\/p>\n\n\n\n<p>O governador em exerc\u00edcio Cl\u00e1udio Castro, se reuniu, nesta ter\u00e7a-feira (27\/10), em Bras\u00edlia, com o presidente do Supremo Tribunal Federal (STF), ministro Luiz Fux, para solicitar o adiamento do julgamento sobre a constitucionalidade da proposta que altera a distribui\u00e7\u00e3o dos Royalties do petr\u00f3leo.<\/p>\n\n\n\n<p>Castro solicitou, ent\u00e3o, que o STF d\u00ea continuidade ao trabalho de media\u00e7\u00e3o entre os estados produtores e os n\u00e3o produtores de petr\u00f3leo. O pr\u00f3ximo passo ser\u00e1 uma consulta do ministro Fux \u00e0 relatora da a\u00e7\u00e3o, ministra C\u00e1rmen L\u00facia. &nbsp;<\/p>\n\n\n\n<p>&#8211; No ano passado, o ministro Dias Toffoli come\u00e7ou um trabalho de concilia\u00e7\u00e3o entre os estados. Por causa da pandemia, esse di\u00e1logo acabou n\u00e3o tendo continuidade. Pedimos que o processo seja levado \u00e0 C\u00e2mara de Concilia\u00e7\u00e3o do Supremo. A expectativa \u00e9 que se construa um caminho natural, mas a decis\u00e3o \u00e9 exclusiva do presidente e da relatora &#8211; afirmou Cl\u00e1udio Castro.<\/p>\n\n\n\n<p>O Governo Fluminense, alinhado com a Assembleia Legislativa do Estado do Rio de Janeiro (Alerj), lidera uma ampla mobiliza\u00e7\u00e3o das for\u00e7as pol\u00edticas e econ\u00f4micas. A a\u00e7\u00e3o sugere que o STF adie a vota\u00e7\u00e3o da A\u00e7\u00e3o Direta de Inconstitucionalidade (ADI 4.917), que questiona as novas regras para a redistribui\u00e7\u00e3o dos Royalties do petr\u00f3leo entre estados e munic\u00edpios.<\/p>\n\n\n\n<p>Caso a ADI 4.917 seja aprovada, a nova regra pode representar perdas de aproximadamente R$ 57 bilh\u00f5es nos pr\u00f3ximos cinco anos, o equivalente a Receita Corrente L\u00edquida anual do Estado. A lei que est\u00e1 suspensa por for\u00e7a de liminar determina que os recursos compensat\u00f3rios sejam repartidos tamb\u00e9m com estados e munic\u00edpios sem produ\u00e7\u00e3o em seu territ\u00f3rio.<\/p>\n\n\n\n<p>Al\u00e9m de Castro, a comitiva fluminense no STF contou com o presidente da Alerj, deputado Andr\u00e9 Ceciliano, e o procurador-geral do Estado, Bruno Dubeux.<\/p>\n\n\n\n<p><strong>Fotos:&nbsp;Rosinei Coutinho<\/strong><\/p>\n","protected":false},"excerpt":{"rendered":"<p>O governador em exerc\u00edcio e o presidente da Alerj buscam entendimento junto ao ministro Fux<\/p>\n","protected":false},"author":2,"featured_media":4189,"comment_status":"open","ping_status":"open","sticky":false,"template":"","format":"standard","meta":{"footnotes":""},"categories":[17],"tags":[],"class_list":["post-4188","post","type-post","status-publish","format-standard","has-post-thumbnail","hentry","category-outras-noticias"],"_links":{"self":[{"href":"https:\/\/tvc16.com\/portal\/wp-json\/wp\/v2\/posts\/4188","targetHints":{"allow":["GET"]}}],"collection":[{"href":"https:\/\/tvc16.com\/portal\/wp-json\/wp\/v2\/posts"}],"about":[{"href":"https:\/\/tvc16.com\/portal\/wp-json\/wp\/v2\/types\/post"}],"author":[{"embeddable":true,"href":"https:\/\/tvc16.com\/portal\/wp-json\/wp\/v2\/users\/2"}],"replies":[{"embeddable":true,"href":"https:\/\/tvc16.com\/portal\/wp-json\/wp\/v2\/comments?post=4188"}],"version-history":[{"count":1,"href":"https:\/\/tvc16.com\/portal\/wp-json\/wp\/v2\/posts\/4188\/revisions"}],"predecessor-version":[{"id":4190,"href":"https:\/\/tvc16.com\/portal\/wp-json\/wp\/v2\/posts\/4188\/revisions\/4190"}],"wp:featuredmedia":[{"embeddable":true,"href":"https:\/\/tvc16.com\/portal\/wp-json\/wp\/v2\/media\/4189"}],"wp:attachment":[{"href":"https:\/\/tvc16.com\/portal\/wp-json\/wp\/v2\/media?parent=4188"}],"wp:term":[{"taxonomy":"category","embeddable":true,"href":"https:\/\/tvc16.com\/portal\/wp-json\/wp\/v2\/categories?post=4188"},{"taxonomy":"post_tag","embeddable":true,"href":"https:\/\/tvc16.com\/portal\/wp-json\/wp\/v2\/tags?post=4188"}],"curies":[{"name":"wp","href":"https:\/\/api.w.org\/{rel}","templated":true}]}}