{"id":4192,"date":"2020-10-28T16:40:35","date_gmt":"2020-10-28T16:40:35","guid":{"rendered":"https:\/\/tvc16.com\/portal\/?p=4192"},"modified":"2020-10-28T16:40:35","modified_gmt":"2020-10-28T16:40:35","slug":"outubro-rosa-em-petropolis-termina-com-caminhada-virtual","status":"publish","type":"post","link":"https:\/\/tvc16.com\/portal\/2020\/10\/28\/outubro-rosa-em-petropolis-termina-com-caminhada-virtual\/","title":{"rendered":"Outubro Rosa em Petr\u00f3polis termina com caminhada virtual"},"content":{"rendered":"\n<p>A campanha do Outubro Rosa realizada em Petr\u00f3polis pela Associa\u00e7\u00e3o Petropolitana dos Pacientes Oncol\u00f3gicos, a APPO, se encerra nesta semana com chave de ouro. Neste s\u00e1bado (31), a partir das 15 h, pelo Facebook da institui\u00e7\u00e3o, ser\u00e1 promovida a caminhada virtual, com o objetivo de espalhar informa\u00e7\u00f5es sobre o diagn\u00f3stico precoce e a import\u00e2ncia de cuidados com a sa\u00fade das mamas.<\/p>\n\n\n\n<p>O movimento j\u00e1 \u00e9 realizado em Petr\u00f3polis h\u00e1 12 anos, encerrando as atividades da campanha que ocorre todos os meses de outubro e levando mais de quatro mil pessoas para as ruas. Com circuito que come\u00e7ava na Catedral, percorrendo as ruas da Imperatriz, Imperador, Nelson de S\u00e1 Earp, Pra\u00e7a da Liberdade e Avenida Koeller, o evento reunia vitoriosas que venceram o c\u00e2ncer, familiares e milhares de petropolitanos que se solidarizam a causa.<\/p>\n\n\n\n<p>De acordo com a Presidente da APPO, Ana Cristina Coelho Mattos, diante do cen\u00e1rio pand\u00eamico, a realiza\u00e7\u00e3o da caminhada n\u00e3o poderia ser feita de forma f\u00edsica, mas o movimento em prol desta luta, n\u00e3o pode parar.<\/p>\n\n\n\n<p>\u201cN\u00f3s n\u00e3o poder\u00edamos deixar de fazer atividades t\u00e3o essenciais pra difundir o conhecimento em torno do c\u00e2ncer de mama. Por isso, precisamos aproveitar esse m\u00eas, para trazer tudo o que pudermos de conte\u00fado para que cada vez mais, as pessoas saibam que o diagn\u00f3stico precoce, garante a vida e \u00e9 primordial para o tratamento\u201d, diz.<\/p>\n\n\n\n<p>No encontro, v\u00e3o participar ainda, a Madrinha do Outubro Rosa 2020, Rosemarie Borde Serafim, a vice-presidente da APPO, Cl\u00e9o de Marco, a psic\u00f3loga Aline Barbosa e depoimentos em v\u00eddeo, da equipe multidisciplinar que atua na Casa de Apoio, que anualmente presta assist\u00eancia a mais de 2 mil pessoas. A programa\u00e7\u00e3o ser\u00e1 conduzida pelo jornalista Vitor Mattos que junto a Theobald Filmes, produtora de audiovisual, vem articulando as a\u00e7\u00f5es que tem a parceria de uma plataforma cedida pelo Rotary.<\/p>\n\n\n\n<p>&#8220;Tenho certeza que ser\u00e1 um movimento que vai entrar para a hist\u00f3ria. Assumi a assessoria de comunica\u00e7\u00e3o da APPO com o desafio de substituir algu\u00e9m inesquec\u00edvel, que foi nossa Rosane Botelho, que tamb\u00e9m atuava como vice-presidente. E para n\u00e3o deixar o outubro rosa morrer, mesmo com uma pandemia, realizamos esta programa\u00e7\u00e3o online. N\u00e3o tenho d\u00favidas que a nossa miss\u00e3o est\u00e1 sendo cumprida pois o apoio dos moradores de Petr\u00f3polis nas redes sociais e no dia a dia da associa\u00e7\u00e3o, tem sido expressivo e muito importante pra n\u00f3s. Deste encontro, creio que as lembran\u00e7as ser\u00e3o as melhores poss\u00edveis&#8221;, diz o assessor<\/p>\n","protected":false},"excerpt":{"rendered":"<p>A campanha do Outubro Rosa realizada em Petr\u00f3polis pela Associa\u00e7\u00e3o Petropolitana dos Pacientes Oncol\u00f3gicos, a<\/p>\n","protected":false},"author":2,"featured_media":4193,"comment_status":"open","ping_status":"open","sticky":false,"template":"","format":"standard","meta":{"footnotes":""},"categories":[12],"tags":[],"class_list":["post-4192","post","type-post","status-publish","format-standard","has-post-thumbnail","hentry","category-cidade"],"_links":{"self":[{"href":"https:\/\/tvc16.com\/portal\/wp-json\/wp\/v2\/posts\/4192","targetHints":{"allow":["GET"]}}],"collection":[{"href":"https:\/\/tvc16.com\/portal\/wp-json\/wp\/v2\/posts"}],"about":[{"href":"https:\/\/tvc16.com\/portal\/wp-json\/wp\/v2\/types\/post"}],"author":[{"embeddable":true,"href":"https:\/\/tvc16.com\/portal\/wp-json\/wp\/v2\/users\/2"}],"replies":[{"embeddable":true,"href":"https:\/\/tvc16.com\/portal\/wp-json\/wp\/v2\/comments?post=4192"}],"version-history":[{"count":1,"href":"https:\/\/tvc16.com\/portal\/wp-json\/wp\/v2\/posts\/4192\/revisions"}],"predecessor-version":[{"id":4194,"href":"https:\/\/tvc16.com\/portal\/wp-json\/wp\/v2\/posts\/4192\/revisions\/4194"}],"wp:featuredmedia":[{"embeddable":true,"href":"https:\/\/tvc16.com\/portal\/wp-json\/wp\/v2\/media\/4193"}],"wp:attachment":[{"href":"https:\/\/tvc16.com\/portal\/wp-json\/wp\/v2\/media?parent=4192"}],"wp:term":[{"taxonomy":"category","embeddable":true,"href":"https:\/\/tvc16.com\/portal\/wp-json\/wp\/v2\/categories?post=4192"},{"taxonomy":"post_tag","embeddable":true,"href":"https:\/\/tvc16.com\/portal\/wp-json\/wp\/v2\/tags?post=4192"}],"curies":[{"name":"wp","href":"https:\/\/api.w.org\/{rel}","templated":true}]}}