{"id":4206,"date":"2020-10-28T17:06:21","date_gmt":"2020-10-28T17:06:21","guid":{"rendered":"https:\/\/tvc16.com\/portal\/?p=4206"},"modified":"2020-10-28T17:06:21","modified_gmt":"2020-10-28T17:06:21","slug":"pcvb-abriu-petropolis-gourmet-nesta-terca-feira","status":"publish","type":"post","link":"https:\/\/tvc16.com\/portal\/2020\/10\/28\/pcvb-abriu-petropolis-gourmet-nesta-terca-feira\/","title":{"rendered":"PC&#038;VB abriu Petr\u00f3polis Gourmet nesta ter\u00e7a-feira"},"content":{"rendered":"\n<p>Imprensa, convidados e empres\u00e1rios prestigiaram o evento no Castelo de Itaipava<\/p>\n\n\n\n<p>O Petr\u00f3polis Convention &amp; Visitor Bureau apresentou ontem em encontro no Castelo de Itaipava uma pr\u00e9via da 20\u00aa edi\u00e7\u00e3o do Petr\u00f3polis Gourmet. O festival gastron\u00f4mico, que come\u00e7a nesta sexta-feira, dia 30, \u00e9 considerado um dos oito maiores do pa\u00eds. A programa\u00e7\u00e3o, que este ano foi adaptada ao \u201cnovo normal\u201d, incluindo a op\u00e7\u00e3o de delivery, ter\u00e1 a participa\u00e7\u00e3o de 28 restaurantes, que est\u00e3o preparando receitas especiais inspiradas na magia do fogo. O Petr\u00f3polis Gourmet segue at\u00e9 o dia 15 de novembro. Al\u00e9m dos menus do festival nos restaurantes, o evento tamb\u00e9m ter\u00e1 oficinas gastron\u00f4micas online, tudo gratuito.\u00a0 Mais informa\u00e7\u00f5es no site www.petropolisgourmet.com.br.<\/p>\n\n\n\n<figure class=\"wp-block-image size-large\"><img loading=\"lazy\" decoding=\"async\" width=\"1024\" height=\"682\" src=\"https:\/\/tvc16.com\/portal\/wp-content\/uploads\/2020\/10\/IMG-20201028-WA0101-1024x682.jpg\" alt=\"\" class=\"wp-image-4207\" srcset=\"https:\/\/tvc16.com\/portal\/wp-content\/uploads\/2020\/10\/IMG-20201028-WA0101-1024x682.jpg 1024w, https:\/\/tvc16.com\/portal\/wp-content\/uploads\/2020\/10\/IMG-20201028-WA0101-300x200.jpg 300w, https:\/\/tvc16.com\/portal\/wp-content\/uploads\/2020\/10\/IMG-20201028-WA0101-768x512.jpg 768w, https:\/\/tvc16.com\/portal\/wp-content\/uploads\/2020\/10\/IMG-20201028-WA0101-900x600.jpg 900w, https:\/\/tvc16.com\/portal\/wp-content\/uploads\/2020\/10\/IMG-20201028-WA0101.jpg 1280w\" sizes=\"auto, (max-width: 1024px) 100vw, 1024px\" \/><\/figure>\n","protected":false},"excerpt":{"rendered":"<p>Imprensa, convidados e empres\u00e1rios prestigiaram o evento no Castelo de Itaipava O Petr\u00f3polis Convention &amp;<\/p>\n","protected":false},"author":2,"featured_media":4209,"comment_status":"open","ping_status":"open","sticky":false,"template":"","format":"standard","meta":{"footnotes":""},"categories":[12],"tags":[],"class_list":["post-4206","post","type-post","status-publish","format-standard","has-post-thumbnail","hentry","category-cidade"],"_links":{"self":[{"href":"https:\/\/tvc16.com\/portal\/wp-json\/wp\/v2\/posts\/4206","targetHints":{"allow":["GET"]}}],"collection":[{"href":"https:\/\/tvc16.com\/portal\/wp-json\/wp\/v2\/posts"}],"about":[{"href":"https:\/\/tvc16.com\/portal\/wp-json\/wp\/v2\/types\/post"}],"author":[{"embeddable":true,"href":"https:\/\/tvc16.com\/portal\/wp-json\/wp\/v2\/users\/2"}],"replies":[{"embeddable":true,"href":"https:\/\/tvc16.com\/portal\/wp-json\/wp\/v2\/comments?post=4206"}],"version-history":[{"count":1,"href":"https:\/\/tvc16.com\/portal\/wp-json\/wp\/v2\/posts\/4206\/revisions"}],"predecessor-version":[{"id":4210,"href":"https:\/\/tvc16.com\/portal\/wp-json\/wp\/v2\/posts\/4206\/revisions\/4210"}],"wp:featuredmedia":[{"embeddable":true,"href":"https:\/\/tvc16.com\/portal\/wp-json\/wp\/v2\/media\/4209"}],"wp:attachment":[{"href":"https:\/\/tvc16.com\/portal\/wp-json\/wp\/v2\/media?parent=4206"}],"wp:term":[{"taxonomy":"category","embeddable":true,"href":"https:\/\/tvc16.com\/portal\/wp-json\/wp\/v2\/categories?post=4206"},{"taxonomy":"post_tag","embeddable":true,"href":"https:\/\/tvc16.com\/portal\/wp-json\/wp\/v2\/tags?post=4206"}],"curies":[{"name":"wp","href":"https:\/\/api.w.org\/{rel}","templated":true}]}}