{"id":4211,"date":"2020-10-28T17:10:25","date_gmt":"2020-10-28T17:10:25","guid":{"rendered":"https:\/\/tvc16.com\/portal\/?p=4211"},"modified":"2020-10-28T17:10:25","modified_gmt":"2020-10-28T17:10:25","slug":"saude-podera-perder-cerca-de-r35-bilhoes-no-orcamento-de-2021","status":"publish","type":"post","link":"https:\/\/tvc16.com\/portal\/2020\/10\/28\/saude-podera-perder-cerca-de-r35-bilhoes-no-orcamento-de-2021\/","title":{"rendered":"Sa\u00fade poder\u00e1 perder cerca de R$35 bilh\u00f5es no Or\u00e7amento de 2021"},"content":{"rendered":"\n<p>Deputados e senadores criaram uma Frente Parlamentar Mista com objetivo de ampliar os recursos destinados \u00e0 sa\u00fade<\/p>\n\n\n\n<p>O Congresso Nacional definiu a cria\u00e7\u00e3o da<a href=\"https:\/\/www.camara.leg.br\/noticias\/702137-frente-parlamentar-vai-defender-aumento-de-repasses-para-o-sus\/\"> Frente Parlamentar Mista pelo Fortalecimento do Sistema \u00danico de Sa\u00fade<\/a> com o intuito de garantir a amplia\u00e7\u00e3o dos investimentos para a \u00e1rea dentro do or\u00e7amento previsto para o ano que vem.<\/p>\n\n\n\n<p>Em 2021, a regra do or\u00e7amento emergencial para enfrentamento \u00e0 pandemia n\u00e3o existir\u00e1 mais, com isso, o Brasil voltar\u00e1 a ser regido pela<a href=\"http:\/\/www.planalto.gov.br\/ccivil_03\/constituicao\/emendas\/emc\/emc95.htm\"> Emenda Constitucional 95\/2016<\/a>, que congelou investimentos em sa\u00fade e demais \u00e1reas sociais at\u00e9 2036.&nbsp;<\/p>\n\n\n\n<p>Na pr\u00e1tica, sem os novos recursos adquiridos pelo estado de calamidade na sa\u00fade p\u00fablica, o SUS deve perder cerca de R$ 35 bilh\u00f5es em compara\u00e7\u00e3o aos recursos aos quais o Minist\u00e9rio da Sa\u00fade teve acesso neste ano.&nbsp;<\/p>\n\n\n\n<p><strong><a href=\"https:\/\/brasil61.com\/noticias\/portaria-aprova-repasse-a-estados-para-aquisicao-de-medicamentos-bras202330\">Portaria aprova repasse a Estados para aquisi\u00e7\u00e3o de medicamentos<\/a><\/strong><\/p>\n\n\n\n<p><strong><a href=\"https:\/\/brasil61.com\/noticias\/arrecadacao-prevista-pelo-governo-federal-em-2020-deve-ter-queda-brutal-avalia-ifi-bras202322\">Arrecada\u00e7\u00e3o prevista pelo Governo Federal em 2020 deve ter queda \u2018brutal\u2019, avalia IFI<\/a><\/strong><\/p>\n\n\n\n<p><strong><a href=\"https:\/\/brasil61.com\/noticias\/pesquisa-aponta-que-pais-gasta-r-1-398-53-em-despesas-relacionadas-a-saude-publica-por-habitante-bras202325\">Pesquisa aponta que pa\u00eds gasta R$ 1.398,53 em despesas relacionadas \u00e0 sa\u00fade p\u00fablica por habitante<\/a><\/strong><\/p>\n\n\n\n<p>De acordo com o deputado e vice-l\u00edder do PCdoB na C\u00e2mara, M\u00e1rcio Jerry, e um dos autores da proposta, o objetivo \u00e9 garantir a qualidade do atendimento aos pacientes. Segundo ele, a Comiss\u00e3o Mista de Or\u00e7amento do Congresso \u00e9 contra o projeto do governo.&nbsp;<\/p>\n\n\n\n<p>\u201c\u00c9 uma frente que incide sobre uma necessidade importante do Pa\u00eds: melhorar a sa\u00fade p\u00fablica em todo o territ\u00f3rio nacional. Precisamos buscar assegurar recursos para isso. O primeiro embate que temos \u00e9 impedir que haja cortes de recursos destinados a sa\u00fade p\u00fablica, como prev\u00ea a proposta de Or\u00e7amento Geral da Uni\u00e3o encaminhada pelo governo. Dizemos n\u00e3o a isto no \u00e2mbito da Comiss\u00e3o Mista de Or\u00e7amento\u201d, define.<br>&nbsp;<br>O colegiado re\u00fane o apoio de outros 190 deputados e mais 20 senadores, de 23 partidos diferentes. Segundo o senador Weverton Rocha (PDT-MA), tamb\u00e9m autor da mat\u00e9ria, os pr\u00f3ximos passos ser\u00e3o feitos com a busca de apoios, reuni\u00f5es e debates, tudo para impedir que os recursos sejam cortados.<br>&nbsp;<br>\u201cCr\u00edticos do Sistema \u00danico de Sa\u00fade como o presidente da C\u00e2mara Rodrigo Maia, se renderam a efici\u00eancia e tamb\u00e9m a import\u00e2ncia que tem o SUS. Iremos fazer eventos, reuni\u00f5es, encontros, debates e estudar a melhor maneira de aperfei\u00e7oar esse sistema t\u00e3o importante no Brasil que \u00e9 levar sa\u00fade de qualidade a todos os cantos do Pa\u00eds\u201d, declarou o senador.<\/p>\n\n\n\n<p>A peti\u00e7\u00e3o \u201cVoc\u00ea vai deixar o SUS perder mais R$ 35 bilh\u00f5es em 2021?\u201d \u00e9 uma iniciativa do Conselho Nacional de Sa\u00fade (CNS) que vai contra essa situa\u00e7\u00e3o. O objetivo \u00e9 colher assinaturas e sensibilizar parlamentares diante do <a href=\"https:\/\/www2.camara.leg.br\/orcamento-da-uniao\/leis-orcamentarias\/ldo\/2021\/tramitacao\/proposta-do-poder-executivo\">Projeto de Lei de Diretrizes Or\u00e7ament\u00e1rias (PLDO) 2021 da Uni\u00e3o<\/a>, enviado ao Congresso Nacional, no m\u00eas de setembro, e tem a proposta de retomada das regras da <a href=\"http:\/\/www.planalto.gov.br\/ccivil_03\/constituicao\/emendas\/emc\/emc95.htm\">EC 95\/2016<\/a>. &nbsp;O Congresso Nacional pode impedir que a perda se concretize.<\/p>\n\n\n\n<p>Para o Servi\u00e7o de Atendimento M\u00f3vel de Urg\u00eancia (Samu), o objetivo \u00e9 garantir um piso emergencial com or\u00e7amento m\u00ednimo no valor de R$ 168,7 bilh\u00f5es, correspondentes ao montante da Lei Or\u00e7ament\u00e1ria Anual deste ano adicionados aos cr\u00e9ditos extraordin\u00e1rios e as varia\u00e7\u00f5es anuais da infla\u00e7\u00e3o.<\/p>\n\n\n\n<p>Fonte: <a href=\"https:\/\/brasil61.com\/noticias\/saude-podera-perder-cerca-de-r-35-bilhoes-no-orcamento-de-2021-bras202380?email=bethdeoliveira@yahoo.com.br&amp;utm_source=newsletter&amp;utm_medium=newsletter&amp;utm_campaign=newsletter\" target=\"_blank\" rel=\"noreferrer noopener\">Brasil 61<\/a><\/p>\n","protected":false},"excerpt":{"rendered":"<p>Deputados e senadores criaram uma Frente Parlamentar Mista com objetivo de ampliar os recursos destinados<\/p>\n","protected":false},"author":2,"featured_media":4212,"comment_status":"open","ping_status":"open","sticky":false,"template":"","format":"standard","meta":{"footnotes":""},"categories":[13],"tags":[],"class_list":["post-4211","post","type-post","status-publish","format-standard","has-post-thumbnail","hentry","category-saude"],"_links":{"self":[{"href":"https:\/\/tvc16.com\/portal\/wp-json\/wp\/v2\/posts\/4211","targetHints":{"allow":["GET"]}}],"collection":[{"href":"https:\/\/tvc16.com\/portal\/wp-json\/wp\/v2\/posts"}],"about":[{"href":"https:\/\/tvc16.com\/portal\/wp-json\/wp\/v2\/types\/post"}],"author":[{"embeddable":true,"href":"https:\/\/tvc16.com\/portal\/wp-json\/wp\/v2\/users\/2"}],"replies":[{"embeddable":true,"href":"https:\/\/tvc16.com\/portal\/wp-json\/wp\/v2\/comments?post=4211"}],"version-history":[{"count":1,"href":"https:\/\/tvc16.com\/portal\/wp-json\/wp\/v2\/posts\/4211\/revisions"}],"predecessor-version":[{"id":4213,"href":"https:\/\/tvc16.com\/portal\/wp-json\/wp\/v2\/posts\/4211\/revisions\/4213"}],"wp:featuredmedia":[{"embeddable":true,"href":"https:\/\/tvc16.com\/portal\/wp-json\/wp\/v2\/media\/4212"}],"wp:attachment":[{"href":"https:\/\/tvc16.com\/portal\/wp-json\/wp\/v2\/media?parent=4211"}],"wp:term":[{"taxonomy":"category","embeddable":true,"href":"https:\/\/tvc16.com\/portal\/wp-json\/wp\/v2\/categories?post=4211"},{"taxonomy":"post_tag","embeddable":true,"href":"https:\/\/tvc16.com\/portal\/wp-json\/wp\/v2\/tags?post=4211"}],"curies":[{"name":"wp","href":"https:\/\/api.w.org\/{rel}","templated":true}]}}