{"id":4214,"date":"2020-10-28T17:20:15","date_gmt":"2020-10-28T17:20:15","guid":{"rendered":"https:\/\/tvc16.com\/portal\/?p=4214"},"modified":"2020-10-28T17:20:15","modified_gmt":"2020-10-28T17:20:15","slug":"projeto-de-lei-suspende-prazo-para-prestacao-de-contas-em-iniciativas-da-educacao-basica","status":"publish","type":"post","link":"https:\/\/tvc16.com\/portal\/2020\/10\/28\/projeto-de-lei-suspende-prazo-para-prestacao-de-contas-em-iniciativas-da-educacao-basica\/","title":{"rendered":"Projeto de Lei suspende prazo para presta\u00e7\u00e3o de contas em iniciativas da educa\u00e7\u00e3o b\u00e1sica"},"content":{"rendered":"\n<p>Texto quer alterar lei que autorizou repasses da Uni\u00e3o aos entes federativos sem contratos, desde que houvesse presta\u00e7\u00e3o de contas em at\u00e9 60 dias<\/p>\n\n\n\n<p>Um Projeto de Lei em tramita\u00e7\u00e3o na C\u00e2mara dos Deputados pretende suspender, durante o estado de calamidade p\u00fablica por causa da Covid-19, a presta\u00e7\u00e3o de contas no Plano de A\u00e7\u00f5es Articuladas (PAR), que visa a melhoria da qualidade da educa\u00e7\u00e3o b\u00e1sica.<\/p>\n\n\n\n<p>O <a href=\"https:\/\/www.camara.leg.br\/proposicoesWeb\/prop_mostrarintegra;jsessionid=DD01788243EA6BCE3A860765ED7D26F0.proposicoesWebExterno1?codteor=1874747&amp;filename=PL+1641\/2020\">PL 1641\/20<\/a>, de autoria da deputada Aline Sleutjes (PSL-PR) altera a Lei 12.695\/12. Essa norma autorizou repasses da Uni\u00e3o para estados e munic\u00edpios sem a necessidade de conv\u00eanios, acordos, ajustes ou contratos. A contrapartida era que houvesse presta\u00e7\u00e3o de contas no prazo de 60 dias.&nbsp;<\/p>\n\n\n\n<p><strong><a href=\"https:\/\/brasil61.com\/noticias\/investimento-em-educacao-desafia-prefeitos-em-final-de-mandato-bras202363\">Investimento em educa\u00e7\u00e3o desafia prefeitos em final de mandato<\/a><\/strong><\/p>\n\n\n\n<p><strong><a href=\"https:\/\/brasil61.com\/noticias\/fnde-prorroga-prazos-para-a-prestacao-de-contas-de-programas-educacionais-ate-o-fim-do-estado-de-calamidade-publica-bras202287\">FNDE prorroga prazos para a presta\u00e7\u00e3o de contas de programas educacionais at\u00e9 o fim do estado de calamidade p\u00fablica<\/a><\/strong><\/p>\n\n\n\n<p><strong><a href=\"https:\/\/brasil61.com\/noticias\/8-em-cada-10-escolas-nao-retornaram-as-aulas-presenciais-em-2020-bras202254\">8 em cada 10 escolas n\u00e3o retornaram as aulas presenciais em 2020<\/a><\/strong><br>&nbsp;<br>Segundo ela, a pandemia paralisou diversas atividades do setor p\u00fablico e privado, o que limitou a aquisi\u00e7\u00e3o de insumos necess\u00e1rios ao cumprimento das metas. O texto tramita em car\u00e1ter conclusivo, ou seja, dispensado da delibera\u00e7\u00e3o em plen\u00e1rio, e ser\u00e1 analisado pela comiss\u00f5es de Educa\u00e7\u00e3o, de Finan\u00e7as e Tributa\u00e7\u00e3o; e de Constitui\u00e7\u00e3o e Justi\u00e7a e de Cidadania.&nbsp;<\/p>\n\n\n\n<p>Fonte: <a href=\"https:\/\/brasil61.com\/noticias\/projeto-de-lei-suspende-prazo-para-prestacao-de-contas-em-iniciativas-da-educacao-basica-bras202371?email=bethdeoliveira@yahoo.com.br&amp;utm_source=newsletter&amp;utm_medium=newsletter&amp;utm_campaign=newsletter\" target=\"_blank\" rel=\"noreferrer noopener\">Brasil 61<\/a><\/p>\n","protected":false},"excerpt":{"rendered":"<p>Texto quer alterar lei que autorizou repasses da Uni\u00e3o aos entes federativos sem contratos, desde<\/p>\n","protected":false},"author":2,"featured_media":4215,"comment_status":"open","ping_status":"open","sticky":false,"template":"","format":"standard","meta":{"footnotes":""},"categories":[19],"tags":[],"class_list":["post-4214","post","type-post","status-publish","format-standard","has-post-thumbnail","hentry","category-educacao"],"_links":{"self":[{"href":"https:\/\/tvc16.com\/portal\/wp-json\/wp\/v2\/posts\/4214","targetHints":{"allow":["GET"]}}],"collection":[{"href":"https:\/\/tvc16.com\/portal\/wp-json\/wp\/v2\/posts"}],"about":[{"href":"https:\/\/tvc16.com\/portal\/wp-json\/wp\/v2\/types\/post"}],"author":[{"embeddable":true,"href":"https:\/\/tvc16.com\/portal\/wp-json\/wp\/v2\/users\/2"}],"replies":[{"embeddable":true,"href":"https:\/\/tvc16.com\/portal\/wp-json\/wp\/v2\/comments?post=4214"}],"version-history":[{"count":1,"href":"https:\/\/tvc16.com\/portal\/wp-json\/wp\/v2\/posts\/4214\/revisions"}],"predecessor-version":[{"id":4216,"href":"https:\/\/tvc16.com\/portal\/wp-json\/wp\/v2\/posts\/4214\/revisions\/4216"}],"wp:featuredmedia":[{"embeddable":true,"href":"https:\/\/tvc16.com\/portal\/wp-json\/wp\/v2\/media\/4215"}],"wp:attachment":[{"href":"https:\/\/tvc16.com\/portal\/wp-json\/wp\/v2\/media?parent=4214"}],"wp:term":[{"taxonomy":"category","embeddable":true,"href":"https:\/\/tvc16.com\/portal\/wp-json\/wp\/v2\/categories?post=4214"},{"taxonomy":"post_tag","embeddable":true,"href":"https:\/\/tvc16.com\/portal\/wp-json\/wp\/v2\/tags?post=4214"}],"curies":[{"name":"wp","href":"https:\/\/api.w.org\/{rel}","templated":true}]}}