{"id":4237,"date":"2020-10-29T01:48:46","date_gmt":"2020-10-29T01:48:46","guid":{"rendered":"https:\/\/tvc16.com\/portal\/?p=4237"},"modified":"2020-10-29T01:48:46","modified_gmt":"2020-10-29T01:48:46","slug":"escola-de-musica-do-imcp-faz-segundo-recital-on-line","status":"publish","type":"post","link":"https:\/\/tvc16.com\/portal\/2020\/10\/29\/escola-de-musica-do-imcp-faz-segundo-recital-on-line\/","title":{"rendered":"Escola de M\u00fasica do IMCP faz segundo recital on-line"},"content":{"rendered":"\n<p>A Escola de M\u00fasica do Instituto dos Meninos Cantores de Petr\u00f3polis (IMCP) far\u00e1 o segundo recital on-line do ano. Ao todo, 34 alunos v\u00e3o apresentar tudo o que aprenderam durante o semestre nos dias 29 e 30 de outubro. As apresenta\u00e7\u00f5es ser\u00e3o transmitidas pela na p\u00e1gina do Coral dos Canarinhos no Facebook, sempre \u00e0s 19h.<\/p>\n\n\n\n<p>\u201cEstamos notando que os alunos est\u00e3o bastante desinibidos, o que mostra que o formato da grava\u00e7\u00e3o feita em casa, por causa da pandemia, tem sido positivo para os alunos. A maioria dos alunos tamb\u00e9m tem estudado muito, o que se reflete no desenvolvimento musical deles\u201d, avaliou o diretor art\u00edstico do IMCP, o maestro Marco Aur\u00e9lio Lischt, adiantando que as apresenta\u00e7\u00f5es ser\u00e3o individuais e contar\u00e3o com a participa\u00e7\u00e3o dos alunos dos cursos de piano, violino, viol\u00e3o e canto.<\/p>\n\n\n\n<p>A\u00a0Escola\u00a0de\u00a0M\u00fasica\u00a0do IMCP \u00e9 aberta para pessoas de todas as idades. Durante a pandemia, as aulas que podem ser de 30 minutos ou 1 hora, est\u00e3o sendo realizadas pela internet. Mais informa\u00e7\u00f5es sobre as atividades do Instituto podem ser consultadas pelo site\u00a0<a rel=\"noreferrer noopener\" target=\"_blank\" href=\"http:\/\/canarinhos.com.br\/\">http:\/\/canarinhos.com.br<\/a>, pelo Facebook\u00a0<a rel=\"noreferrer noopener\" target=\"_blank\" href=\"http:\/\/fb.com\/canarinhosdepetropolis\">http:\/\/fb.com\/canarinhosdepetropolis<\/a>\u00a0ou pelos telefones\u00a0(24)981245356 e (24)99926-1820.\u00a0O Instituto dos Corais dos Canarinhos de Petr\u00f3polis fica Rua Santos Dumont, 355, no Centro Hist\u00f3rico.<\/p>\n\n\n\n<figure class=\"wp-block-image size-large\"><img decoding=\"async\" src=\"blob:https:\/\/tvc16.com\/d0a1b533-1771-45cb-84fd-132488322e25\" alt=\"\"\/><\/figure>\n","protected":false},"excerpt":{"rendered":"<p>A Escola de M\u00fasica do Instituto dos Meninos Cantores de Petr\u00f3polis (IMCP) far\u00e1 o segundo<\/p>\n","protected":false},"author":2,"featured_media":4238,"comment_status":"open","ping_status":"open","sticky":false,"template":"","format":"standard","meta":{"footnotes":""},"categories":[12],"tags":[],"class_list":["post-4237","post","type-post","status-publish","format-standard","has-post-thumbnail","hentry","category-cidade"],"_links":{"self":[{"href":"https:\/\/tvc16.com\/portal\/wp-json\/wp\/v2\/posts\/4237","targetHints":{"allow":["GET"]}}],"collection":[{"href":"https:\/\/tvc16.com\/portal\/wp-json\/wp\/v2\/posts"}],"about":[{"href":"https:\/\/tvc16.com\/portal\/wp-json\/wp\/v2\/types\/post"}],"author":[{"embeddable":true,"href":"https:\/\/tvc16.com\/portal\/wp-json\/wp\/v2\/users\/2"}],"replies":[{"embeddable":true,"href":"https:\/\/tvc16.com\/portal\/wp-json\/wp\/v2\/comments?post=4237"}],"version-history":[{"count":1,"href":"https:\/\/tvc16.com\/portal\/wp-json\/wp\/v2\/posts\/4237\/revisions"}],"predecessor-version":[{"id":4240,"href":"https:\/\/tvc16.com\/portal\/wp-json\/wp\/v2\/posts\/4237\/revisions\/4240"}],"wp:featuredmedia":[{"embeddable":true,"href":"https:\/\/tvc16.com\/portal\/wp-json\/wp\/v2\/media\/4238"}],"wp:attachment":[{"href":"https:\/\/tvc16.com\/portal\/wp-json\/wp\/v2\/media?parent=4237"}],"wp:term":[{"taxonomy":"category","embeddable":true,"href":"https:\/\/tvc16.com\/portal\/wp-json\/wp\/v2\/categories?post=4237"},{"taxonomy":"post_tag","embeddable":true,"href":"https:\/\/tvc16.com\/portal\/wp-json\/wp\/v2\/tags?post=4237"}],"curies":[{"name":"wp","href":"https:\/\/api.w.org\/{rel}","templated":true}]}}