{"id":4241,"date":"2020-10-29T01:51:23","date_gmt":"2020-10-29T01:51:23","guid":{"rendered":"https:\/\/tvc16.com\/portal\/?p=4241"},"modified":"2020-10-29T01:51:23","modified_gmt":"2020-10-29T01:51:23","slug":"em-encontro-com-presidente-jair-bolsonaro-governador-em-exercicio-fala-sobre-prorrogacao-do-rrf","status":"publish","type":"post","link":"https:\/\/tvc16.com\/portal\/2020\/10\/29\/em-encontro-com-presidente-jair-bolsonaro-governador-em-exercicio-fala-sobre-prorrogacao-do-rrf\/","title":{"rendered":"Em encontro com presidente Jair Bolsonaro, governador em exerc\u00edcio fala sobre prorroga\u00e7\u00e3o do RRF"},"content":{"rendered":"\n<p><em>Al\u00e9m das regras para a perman\u00eancia no Regime, agenda tamb\u00e9m destacou a import\u00e2ncia da aprova\u00e7\u00e3o do PLP 101\/20, que auxilia economia de estados e munic\u00edpios<\/em><br>O governador em exerc\u00edcio do Estado do Rio de Janeiro, Cl\u00e1udio Castro, esteve, nesta quarta-feira (28\/10), em Bras\u00edlia, em sua primeira reuni\u00e3o de trabalho com o presidente Jair Bolsonaro. O objetivo do encontro foi tratar de temas que podem ajudar a recuperar a economia fluminense, como o PLP 101\/20, que estabelece aux\u00edlio financeiro a estados e munic\u00edpios.<\/p>\n\n\n\n<p>&#8211; Apesar de ter ajudado muito o estado nos \u00faltimos anos, o Rio n\u00e3o est\u00e1 preparado para a pr\u00f3xima fase do RRF (Regime de Recupera\u00e7\u00e3o Fiscal). Pedi ajuda ao presidente Jair Bolsonaro na aprova\u00e7\u00e3o do PLP 101\/20, que est\u00e1 na C\u00e2mara dos Deputados. Hoje, esta \u00e9 a grande possibilidade de salva\u00e7\u00e3o do Rio de Janeiro e de outros estados que est\u00e3o em situa\u00e7\u00f5es delicadas. O presidente est\u00e1 sens\u00edvel ao tema e tem interesse que todos possam adequar suas quest\u00f5es fiscais \u2013 disse Castro.<\/p>\n\n\n\n<p>Claudio Castro tratou ainda sobre os avan\u00e7os na infraestrutura do Rio que podem colaborar na gera\u00e7\u00e3o de empregos, eixo fundamental para a retomada econ\u00f4mica ap\u00f3s o pior momento da pandemia da Covid-19.<\/p>\n\n\n\n<p>&#8211; \u00c9 nosso trabalho olhar por esses empregos e solicitar mais investimentos. Neste sentido, a visita ao presidente tamb\u00e9m serviu para que o Rio se aproximasse do Governo Federal para outros projetos que beneficiem a popula\u00e7\u00e3o.<\/p>\n\n\n\n<p><strong>Vacina<\/strong><\/p>\n\n\n\n<p>Durante o encontro, o presidente Jair Bolsonaro e o governador em exerc\u00edcio falaram sobre as a\u00e7\u00f5es do governo fluminense na prepara\u00e7\u00e3o do Estado para o momento em que a vacina contra a Covid-19 estiver dispon\u00edvel. Para Cl\u00e1udio Castro, \u00e9 necess\u00e1rio planejamento, a fim de evitar gastos desnecess\u00e1rios e compras emergenciais.<\/p>\n\n\n\n<p>&#8211; O Estado do Rio j\u00e1 come\u00e7ou a se organizar para quando a vacina estiver dispon\u00edvel. A ideia \u00e9 comprar insumos, como seringas, agulhas e EPIs, de forma antecipada. O objetivo \u00e9 que n\u00e3o haja aquisi\u00e7\u00e3o emergencial e disputa de pre\u00e7os exorbitantes mais para frente &#8211; explicou o governador.<\/p>\n\n\n\n<p><strong>Fotos:\u00a0Rosinei Coutinho<\/strong><\/p>\n\n\n\n<figure class=\"wp-block-image size-large\"><img loading=\"lazy\" decoding=\"async\" width=\"680\" height=\"1024\" src=\"https:\/\/tvc16.com\/portal\/wp-content\/uploads\/2020\/10\/Em-encontro-com-presidente-Jair-Bolsonaro-governador-em-exercicio-fala-sobre-prorrogacao-do-RRF-2-680x1024.jpeg\" alt=\"\" class=\"wp-image-4242\" srcset=\"https:\/\/tvc16.com\/portal\/wp-content\/uploads\/2020\/10\/Em-encontro-com-presidente-Jair-Bolsonaro-governador-em-exercicio-fala-sobre-prorrogacao-do-RRF-2-680x1024.jpeg 680w, https:\/\/tvc16.com\/portal\/wp-content\/uploads\/2020\/10\/Em-encontro-com-presidente-Jair-Bolsonaro-governador-em-exercicio-fala-sobre-prorrogacao-do-RRF-2-199x300.jpeg 199w, https:\/\/tvc16.com\/portal\/wp-content\/uploads\/2020\/10\/Em-encontro-com-presidente-Jair-Bolsonaro-governador-em-exercicio-fala-sobre-prorrogacao-do-RRF-2-768x1157.jpeg 768w, https:\/\/tvc16.com\/portal\/wp-content\/uploads\/2020\/10\/Em-encontro-com-presidente-Jair-Bolsonaro-governador-em-exercicio-fala-sobre-prorrogacao-do-RRF-2.jpeg 850w\" sizes=\"auto, (max-width: 680px) 100vw, 680px\" \/><\/figure>\n","protected":false},"excerpt":{"rendered":"<p>Al\u00e9m das regras para a perman\u00eancia no Regime, agenda tamb\u00e9m destacou a import\u00e2ncia da aprova\u00e7\u00e3o<\/p>\n","protected":false},"author":2,"featured_media":4243,"comment_status":"open","ping_status":"open","sticky":false,"template":"","format":"standard","meta":{"footnotes":""},"categories":[14],"tags":[],"class_list":["post-4241","post","type-post","status-publish","format-standard","has-post-thumbnail","hentry","category-pais"],"_links":{"self":[{"href":"https:\/\/tvc16.com\/portal\/wp-json\/wp\/v2\/posts\/4241","targetHints":{"allow":["GET"]}}],"collection":[{"href":"https:\/\/tvc16.com\/portal\/wp-json\/wp\/v2\/posts"}],"about":[{"href":"https:\/\/tvc16.com\/portal\/wp-json\/wp\/v2\/types\/post"}],"author":[{"embeddable":true,"href":"https:\/\/tvc16.com\/portal\/wp-json\/wp\/v2\/users\/2"}],"replies":[{"embeddable":true,"href":"https:\/\/tvc16.com\/portal\/wp-json\/wp\/v2\/comments?post=4241"}],"version-history":[{"count":1,"href":"https:\/\/tvc16.com\/portal\/wp-json\/wp\/v2\/posts\/4241\/revisions"}],"predecessor-version":[{"id":4244,"href":"https:\/\/tvc16.com\/portal\/wp-json\/wp\/v2\/posts\/4241\/revisions\/4244"}],"wp:featuredmedia":[{"embeddable":true,"href":"https:\/\/tvc16.com\/portal\/wp-json\/wp\/v2\/media\/4243"}],"wp:attachment":[{"href":"https:\/\/tvc16.com\/portal\/wp-json\/wp\/v2\/media?parent=4241"}],"wp:term":[{"taxonomy":"category","embeddable":true,"href":"https:\/\/tvc16.com\/portal\/wp-json\/wp\/v2\/categories?post=4241"},{"taxonomy":"post_tag","embeddable":true,"href":"https:\/\/tvc16.com\/portal\/wp-json\/wp\/v2\/tags?post=4241"}],"curies":[{"name":"wp","href":"https:\/\/api.w.org\/{rel}","templated":true}]}}