{"id":4245,"date":"2020-10-29T01:54:43","date_gmt":"2020-10-29T01:54:43","guid":{"rendered":"https:\/\/tvc16.com\/portal\/?p=4245"},"modified":"2020-10-29T01:54:43","modified_gmt":"2020-10-29T01:54:43","slug":"hemorio-entra-em-alerta-vermelho-para-doacao-de-sangue","status":"publish","type":"post","link":"https:\/\/tvc16.com\/portal\/2020\/10\/29\/hemorio-entra-em-alerta-vermelho-para-doacao-de-sangue\/","title":{"rendered":"Hemorio entra em alerta vermelho para doa\u00e7\u00e3o de sangue"},"content":{"rendered":"\n<p><em>Unidade d\u00e1 in\u00edcio a estrat\u00e9gias para capta\u00e7\u00e3o dos doadores com objetivo de reverter a queda nos estoques<\/em><\/p>\n\n\n\n<p>O Hemorio, \u00f3rg\u00e3o vinculado \u00e0 Secretaria de Estado de Sa\u00fade (SES), entrou em alerta vermelho no m\u00eas de outubro. Isso porque foi registrado uma queda de 10% nas doa\u00e7\u00f5es de sangue em compara\u00e7\u00e3o ao mesmo per\u00edodo em 2019. O hemocentro entrou em est\u00e1gio cr\u00edtico e acionou medidas de controle como a convoca\u00e7\u00e3o de doadores via e-mail e telefone, al\u00e9m da realiza\u00e7\u00e3o de uma nova campanha para mobilizar a popula\u00e7\u00e3o.<\/p>\n\n\n\n<p>Batizada de Sangue Novo e feita, a campanha tem como objetivo apresentar aos mais jovens a import\u00e2ncia sobre a doa\u00e7\u00e3o de sangue aos 16 anos, idade inicial autorizada para as doa\u00e7\u00f5es. A a\u00e7\u00e3o foi iniciada no Dia das Crian\u00e7as (12\/10) e apresenta diariamente v\u00eddeos educativos sobre a import\u00e2ncia da doa\u00e7\u00e3o de sangue, que tamb\u00e9m foram direcionados aos pais com filhos em idade adequada para doar, ou seja, jovens de 16 e 17 anos.<\/p>\n\n\n\n<p>Em m\u00e9dia, o Hemorio tem disponibilidade para receber at\u00e9 500 doadores por dia, quantidade suficiente para atender toda a rede p\u00fablica do Estado do Estado do Rio. Para uma situa\u00e7\u00e3o regular, \u00e9 necess\u00e1rio que o \u00f3rg\u00e3o disponha de pelo menos 300 bolsas de sangue diariamente. Cada uma tem a capacidade de beneficiar quatros pessoas. A doa\u00e7\u00e3o neste momento \u00e9 fundamental para garantir suporte as principais emerg\u00eancias, maternidades e unidades de sa\u00fade do Estado, que retomaram as cirurgias eletivas, interrompidas durante o pico da pandemia da Covid-19.<\/p>\n\n\n\n<p>&#8211;&nbsp;Desde o in\u00edcio da pandemia at\u00e9 o momento, o m\u00eas outubro foi o que registrou o menor n\u00famero de doadores por dia e, por conta disso, precisamos muito que as pessoas lembrem da doa\u00e7\u00e3o e voltem a procurar os hemocentros. Com a retomada das cirurgias eletivas a necessidade por bolsas de sangue cresce progressivamente e um baixo n\u00famero de doa\u00e7\u00f5es pode impactar na realiza\u00e7\u00e3o desses procedimentos &#8211; explica Luiz Amorim, Diretor Geral do Hemorio.<\/p>\n\n\n\n<p><strong>Quem pode doar<\/strong><\/p>\n\n\n\n<p>Para doar sangue, \u00e9 necess\u00e1rio ter entre 16 e 69 anos, pesar no m\u00ednimo 50kg, estar bem de sa\u00fade e portar um documento de identidade oficial com foto. Jovens com 16 e 17 anos s\u00f3 podem doar sangue com autoriza\u00e7\u00e3o dos pais ou respons\u00e1veis legais. Devem portar ainda um documento de identidade do respons\u00e1vel.&nbsp; N\u00e3o \u00e9 necess\u00e1rio estar em jejum, apenas evitar alimentos gordurosos nas quatro horas que antecedem a doa\u00e7\u00e3o e n\u00e3o ingerir bebidas alco\u00f3licas nas 12 horas antes da coleta do sangue.<\/p>\n\n\n\n<p>Os volunt\u00e1rios n\u00e3o podem ter tido hepatite ap\u00f3s os 10 anos, nem estar expostas a doen\u00e7as transmiss\u00edveis pelo sangue (s\u00edfilis, AIDS, hepatite e doen\u00e7as de chagas). Mulheres gr\u00e1vidas ou amamentando e usu\u00e1rios de drogas tamb\u00e9m n\u00e3o podem doar sangue.<\/p>\n\n\n\n<p>Infectados pela COVID-19 podem doar sangue ap\u00f3s 30 dias do desaparecimento dos sintomas e apenas se registraram a forma branda da doen\u00e7a, ou seja, caso n\u00e3o tenham ficado internados em Unidades de Terapia Intensiva.<\/p>\n\n\n\n<p>O Hemorio funciona todos os dias do ano, incluindo aos finais de semana, de 7h as 18h. Para mais detalhes ou informa\u00e7\u00f5es, o doador pode consultar as redes sociais @hemorio ou ligar para o Disque Sangue de segunda a sexta-feira, exceto feriados, das 7h \u00e0s 17h, por meio do n\u00famero 0800 282 0708.<\/p>\n\n\n\n<figure class=\"wp-block-image size-large\"><img loading=\"lazy\" decoding=\"async\" width=\"248\" height=\"166\" src=\"https:\/\/tvc16.com\/portal\/wp-content\/uploads\/2020\/10\/th.jpg\" alt=\"\" class=\"wp-image-4246\"\/><\/figure>\n","protected":false},"excerpt":{"rendered":"<p>Unidade d\u00e1 in\u00edcio a estrat\u00e9gias para capta\u00e7\u00e3o dos doadores com objetivo de reverter a queda<\/p>\n","protected":false},"author":2,"featured_media":4247,"comment_status":"open","ping_status":"open","sticky":false,"template":"","format":"standard","meta":{"footnotes":""},"categories":[13],"tags":[],"class_list":["post-4245","post","type-post","status-publish","format-standard","has-post-thumbnail","hentry","category-saude"],"_links":{"self":[{"href":"https:\/\/tvc16.com\/portal\/wp-json\/wp\/v2\/posts\/4245","targetHints":{"allow":["GET"]}}],"collection":[{"href":"https:\/\/tvc16.com\/portal\/wp-json\/wp\/v2\/posts"}],"about":[{"href":"https:\/\/tvc16.com\/portal\/wp-json\/wp\/v2\/types\/post"}],"author":[{"embeddable":true,"href":"https:\/\/tvc16.com\/portal\/wp-json\/wp\/v2\/users\/2"}],"replies":[{"embeddable":true,"href":"https:\/\/tvc16.com\/portal\/wp-json\/wp\/v2\/comments?post=4245"}],"version-history":[{"count":1,"href":"https:\/\/tvc16.com\/portal\/wp-json\/wp\/v2\/posts\/4245\/revisions"}],"predecessor-version":[{"id":4248,"href":"https:\/\/tvc16.com\/portal\/wp-json\/wp\/v2\/posts\/4245\/revisions\/4248"}],"wp:featuredmedia":[{"embeddable":true,"href":"https:\/\/tvc16.com\/portal\/wp-json\/wp\/v2\/media\/4247"}],"wp:attachment":[{"href":"https:\/\/tvc16.com\/portal\/wp-json\/wp\/v2\/media?parent=4245"}],"wp:term":[{"taxonomy":"category","embeddable":true,"href":"https:\/\/tvc16.com\/portal\/wp-json\/wp\/v2\/categories?post=4245"},{"taxonomy":"post_tag","embeddable":true,"href":"https:\/\/tvc16.com\/portal\/wp-json\/wp\/v2\/tags?post=4245"}],"curies":[{"name":"wp","href":"https:\/\/api.w.org\/{rel}","templated":true}]}}