{"id":425,"date":"2020-09-14T23:47:49","date_gmt":"2020-09-14T23:47:49","guid":{"rendered":"https:\/\/tvc16.com\/portal\/?p=425"},"modified":"2020-09-14T23:51:38","modified_gmt":"2020-09-14T23:51:38","slug":"mais-quatro-pessoas-morrem-de-coronavirus-em-petropolis-rj","status":"publish","type":"post","link":"https:\/\/tvc16.com\/portal\/2020\/09\/14\/mais-quatro-pessoas-morrem-de-coronavirus-em-petropolis-rj\/","title":{"rendered":"Mais quatro pessoas morrem de coronav\u00edrus em Petr\u00f3polis RJ"},"content":{"rendered":"\n<p>A semana come\u00e7ou com o registro de mais quatro mortes por covid-19 em Petr\u00f3polis.<\/p>\n\n\n\n<p>A informa\u00e7\u00e3o, divulgada na tarde desta segunda-feira (14), \u00e9 da Secretaria Municipal de Sa\u00fade e aponta, ainda, 6.121 casos confirmados e 197 \u00f3bitos desde o in\u00edcio da pandemia.<\/p>\n\n\n\n<p>Os pacientes com \u00f3bitos confirmado hoje (14), tr\u00eas homens e uma mulher, com idades entre 50 e 88 anos, estavam internados em hospitais do munic\u00edpio. Segundo o boletim epidemiol\u00f3gico, s\u00e3o eles:<\/p>\n\n\n\n<p>\u2022 Homem de 64 anos, morador do Bingen. Ele foi internado no dia 16 de agosto no SMH e faleceu no s\u00e1bado (12). Paciente com hipertens\u00e3o arterial.<\/p>\n\n\n\n<p>\u2022 Mulher de 50 anos, moradora do Castelo S\u00e3o Manoel. Ela foi internada no dia 03 de setembro no Hospital Municipal Nelson de S\u00e1 Earp (HMNSE) e faleceu no s\u00e1baod (12). Paciente com diabetes.<\/p>\n\n\n\n<p>\u2022 Homem de 88 anos, morador do Fazenda Inglesa. Ele foi internado no dia 30 de agosto no Hospital Nossa Senhora Aparecida (HNSA) e faleceu no s\u00e1bado (12). Paciente com hipertens\u00e3o arterial e insufici\u00eancia card\u00edaca.<\/p>\n\n\n\n<p>\u2022 Homem de 78 anos, morador do Quarteir\u00e3o Inglehein. Ele foi internado no dia 29 de agosto no Hospital Nossa Senhora Aparecida (HNSA) e faleceu no domingo (13). Paciente com fibrila\u00e7\u00e3o arterial cr\u00f4nica.<\/p>\n\n\n\n<p>At\u00e9 o momento foram realizados 51.049 testes na Cidade. Deste total, 44.397 resultaram negativos, 6.121 positivos e 531 est\u00e3o em an\u00e1lise, entre PCR e testes r\u00e1pidos. H\u00e1 93 pacientes internados em Petr\u00f3polis, podendo ser casos positivos ou ainda em investiga\u00e7\u00e3o esperando o resultado do teste.<\/p>\n\n\n\n<p>O boletim mostra, tamb\u00e9m, que 1.919 foram curadas do coronav\u00edrus. Esse n\u00famero se refere \u00e0s pessoas que estiveram internadas nas unidades hospitalares da Cidade ou que se mantiveram em isolamento domiciliar e que, hoje, n\u00e3o apresentam mais os principais sintomas da doen\u00e7a.<\/p>\n\n\n\n<p>Nesta segunda-feira (14), o munic\u00edpio contabiliza pelo SUS 40,74% dos leitos cl\u00ednicos e 37,37% de UTI ocupados com pacientes infectados com coronav\u00edrus.<\/p>\n","protected":false},"excerpt":{"rendered":"<p>A semana come\u00e7ou com o registro de mais quatro mortes por covid-19 em Petr\u00f3polis. A<\/p>\n","protected":false},"author":2,"featured_media":428,"comment_status":"open","ping_status":"open","sticky":false,"template":"","format":"standard","meta":{"footnotes":""},"categories":[12],"tags":[],"class_list":["post-425","post","type-post","status-publish","format-standard","has-post-thumbnail","hentry","category-cidade"],"_links":{"self":[{"href":"https:\/\/tvc16.com\/portal\/wp-json\/wp\/v2\/posts\/425","targetHints":{"allow":["GET"]}}],"collection":[{"href":"https:\/\/tvc16.com\/portal\/wp-json\/wp\/v2\/posts"}],"about":[{"href":"https:\/\/tvc16.com\/portal\/wp-json\/wp\/v2\/types\/post"}],"author":[{"embeddable":true,"href":"https:\/\/tvc16.com\/portal\/wp-json\/wp\/v2\/users\/2"}],"replies":[{"embeddable":true,"href":"https:\/\/tvc16.com\/portal\/wp-json\/wp\/v2\/comments?post=425"}],"version-history":[{"count":1,"href":"https:\/\/tvc16.com\/portal\/wp-json\/wp\/v2\/posts\/425\/revisions"}],"predecessor-version":[{"id":426,"href":"https:\/\/tvc16.com\/portal\/wp-json\/wp\/v2\/posts\/425\/revisions\/426"}],"wp:featuredmedia":[{"embeddable":true,"href":"https:\/\/tvc16.com\/portal\/wp-json\/wp\/v2\/media\/428"}],"wp:attachment":[{"href":"https:\/\/tvc16.com\/portal\/wp-json\/wp\/v2\/media?parent=425"}],"wp:term":[{"taxonomy":"category","embeddable":true,"href":"https:\/\/tvc16.com\/portal\/wp-json\/wp\/v2\/categories?post=425"},{"taxonomy":"post_tag","embeddable":true,"href":"https:\/\/tvc16.com\/portal\/wp-json\/wp\/v2\/tags?post=425"}],"curies":[{"name":"wp","href":"https:\/\/api.w.org\/{rel}","templated":true}]}}