{"id":4256,"date":"2020-10-29T15:09:00","date_gmt":"2020-10-29T15:09:00","guid":{"rendered":"https:\/\/tvc16.com\/portal\/?p=4256"},"modified":"2020-10-29T15:09:00","modified_gmt":"2020-10-29T15:09:00","slug":"apos-pouco-mais-de-dois-meses-fechada-upa-de-cascatinha-retoma-atendimentos","status":"publish","type":"post","link":"https:\/\/tvc16.com\/portal\/2020\/10\/29\/apos-pouco-mais-de-dois-meses-fechada-upa-de-cascatinha-retoma-atendimentos\/","title":{"rendered":"Ap\u00f3s pouco mais de dois meses fechada UPA de Cascatinha retoma atendimentos"},"content":{"rendered":"\n<p>A Unidade de Pronto Atendimento \u2013 UPA Cascatinha retomou hoje (29), \u00e0s 8h, os atendimentos normais, ou seja, com capacidade total. Isso significa que o espa\u00e7o n\u00e3o est\u00e1 mais destinado apenas a pacientes com covid-19. O local pegou fogo no dia 17 de agosto deste ano e depois passou por obras de recupera\u00e7\u00e3o.<\/p>\n\n\n\n<p>De acordo com a prefeitura a unidade ter\u00e1 escala de plant\u00f5es com tr\u00eas m\u00e9dicos cl\u00ednicos e dois pediatras, 24 horas por dia. Foram reabertas as salas amarela e vermelha, locais de urg\u00eancia e emerg\u00eancia. A UPA Cascatinha retoma, ainda, atividades dos setores de raio-X, laborat\u00f3rio de an\u00e1lises cl\u00ednicas, salas de sutura e eletrocardiograma. Uma ambul\u00e2ncia UTI M\u00f3vel tamb\u00e9m est\u00e1 \u00e0 disposi\u00e7\u00e3o das equipes m\u00e9dicas para poss\u00edveis transfer\u00eancias de pacientes para outras unidades.<\/p>\n\n\n\n<p>As obras de recupera\u00e7\u00e3o da unidade tiveram in\u00edcio em setembro devido a um princ\u00edpio de inc\u00eandio no local. No trabalho foi substitu\u00edda toda a rede el\u00e9trica interna da unidade. As equipes come\u00e7aram a mobiliza\u00e7\u00e3o do trabalho desmontando as partes afetadas pelo fogo e limpando o local para a entrada do novo cabeamento. A previs\u00e3o contratual relativa \u00e0 dura\u00e7\u00e3o do trabalho havia sido estipulada, inicialmente, em 60 dias corridos. Devido \u00e0 urg\u00eancia da obra, todo o processo foi conclu\u00eddo em apenas 33 dias.<\/p>\n\n\n\n<p>A unidade havia sido temporariamente desativada para que todos os acertos necess\u00e1rios pudessem ser feitos. Na \u00e9poca, pacientes contaminados com o novo coronav\u00edrus foram prontamente transferidos para outras unidades hospitalares do munic\u00edpio. Devido \u00e0 pandemia, e para garantir vagas aos usu\u00e1rios infectados na cidade, a UPA Cascatinha havia sido temporariamente transformada em UPA Vermelha, com o objetivo de atender e internar pacientes acometidos pela doen\u00e7a.<\/p>\n\n\n\n<p>No inc\u00eandio, combatido por funcion\u00e1rios treinados da unidade, nenhum equipamento foi perdido. A prefeitura informa que o objetivo \u00e9 de que a UPA Cascatinha volte a funcionar com todos os atendimentos que eram realizados antes da pandemia. Devido ao inc\u00eandio, o sistema de sa\u00fade deixou de operar temporariamente com 20 leitos espec\u00edficos aos pacientes da COVID-19. Vale lembrar que o munic\u00edpio n\u00e3o sofreu impacto sobre o atendimento e interna\u00e7\u00f5es devido \u00e0s vagas dispon\u00edveis em outras unidades de sa\u00fade e gra\u00e7as \u00e0 baixa ocupa\u00e7\u00e3o. Hoje, o \u00edndice de interna\u00e7\u00f5es nas UTI\u00b4s do munic\u00edpio \u00e9 de 21.3%.<\/p>\n","protected":false},"excerpt":{"rendered":"<p>A Unidade de Pronto Atendimento \u2013 UPA Cascatinha retomou hoje (29), \u00e0s 8h, os atendimentos<\/p>\n","protected":false},"author":2,"featured_media":4257,"comment_status":"open","ping_status":"open","sticky":false,"template":"","format":"standard","meta":{"footnotes":""},"categories":[12],"tags":[],"class_list":["post-4256","post","type-post","status-publish","format-standard","has-post-thumbnail","hentry","category-cidade"],"_links":{"self":[{"href":"https:\/\/tvc16.com\/portal\/wp-json\/wp\/v2\/posts\/4256","targetHints":{"allow":["GET"]}}],"collection":[{"href":"https:\/\/tvc16.com\/portal\/wp-json\/wp\/v2\/posts"}],"about":[{"href":"https:\/\/tvc16.com\/portal\/wp-json\/wp\/v2\/types\/post"}],"author":[{"embeddable":true,"href":"https:\/\/tvc16.com\/portal\/wp-json\/wp\/v2\/users\/2"}],"replies":[{"embeddable":true,"href":"https:\/\/tvc16.com\/portal\/wp-json\/wp\/v2\/comments?post=4256"}],"version-history":[{"count":1,"href":"https:\/\/tvc16.com\/portal\/wp-json\/wp\/v2\/posts\/4256\/revisions"}],"predecessor-version":[{"id":4258,"href":"https:\/\/tvc16.com\/portal\/wp-json\/wp\/v2\/posts\/4256\/revisions\/4258"}],"wp:featuredmedia":[{"embeddable":true,"href":"https:\/\/tvc16.com\/portal\/wp-json\/wp\/v2\/media\/4257"}],"wp:attachment":[{"href":"https:\/\/tvc16.com\/portal\/wp-json\/wp\/v2\/media?parent=4256"}],"wp:term":[{"taxonomy":"category","embeddable":true,"href":"https:\/\/tvc16.com\/portal\/wp-json\/wp\/v2\/categories?post=4256"},{"taxonomy":"post_tag","embeddable":true,"href":"https:\/\/tvc16.com\/portal\/wp-json\/wp\/v2\/tags?post=4256"}],"curies":[{"name":"wp","href":"https:\/\/api.w.org\/{rel}","templated":true}]}}