{"id":4259,"date":"2020-10-29T15:10:42","date_gmt":"2020-10-29T15:10:42","guid":{"rendered":"https:\/\/tvc16.com\/portal\/?p=4259"},"modified":"2020-10-29T15:10:42","modified_gmt":"2020-10-29T15:10:42","slug":"cinzas-de-philippe-guedon-sao-enterradas-ao-lado-do-auditorio-que-leva-o-nome-dele","status":"publish","type":"post","link":"https:\/\/tvc16.com\/portal\/2020\/10\/29\/cinzas-de-philippe-guedon-sao-enterradas-ao-lado-do-auditorio-que-leva-o-nome-dele\/","title":{"rendered":"Cinzas de Philippe Gu\u0117don s\u00e3o enterradas ao lado do audit\u00f3rio que leva o nome dele"},"content":{"rendered":"\n<p>Hoje (29) \u00e0s 7h a fam\u00edlia Gu\u0117don se reuniu ao lado da Casa dos Conselhos, na Av. Koeler, pr\u00e9dio ao lado do Gabinete do Prefeito, onde existe uma placa com o nome de Philippe Gu\u0117don. Estava presente tamb\u00e9m o amigo de Gu\u00e9don, Jonny Klemperer que sempre o acompanhou e contribuiu na condu\u00e7\u00e3o da Frente Pr\u00f3 Petr\u00f3polis, no IPGPAR e tantos outros movimentos ligados \u00e0 gest\u00e3o participativa.<\/p>\n\n\n\n<figure class=\"wp-block-image size-large\"><img loading=\"lazy\" decoding=\"async\" width=\"473\" height=\"1024\" src=\"https:\/\/tvc16.com\/portal\/wp-content\/uploads\/2020\/10\/WhatsApp-Image-2020-10-29-at-11.22.37-473x1024.jpeg\" alt=\"\" class=\"wp-image-4261\" srcset=\"https:\/\/tvc16.com\/portal\/wp-content\/uploads\/2020\/10\/WhatsApp-Image-2020-10-29-at-11.22.37-473x1024.jpeg 473w, https:\/\/tvc16.com\/portal\/wp-content\/uploads\/2020\/10\/WhatsApp-Image-2020-10-29-at-11.22.37-139x300.jpeg 139w, https:\/\/tvc16.com\/portal\/wp-content\/uploads\/2020\/10\/WhatsApp-Image-2020-10-29-at-11.22.37.jpeg 532w\" sizes=\"auto, (max-width: 473px) 100vw, 473px\" \/><\/figure>\n\n\n\n<p>As cinzas de Gu\u00e9don foram depositadas no jardim, onde um de seus sete filhos, Gal. Marcelo Gu\u00e9don, plantou sementes da \u00e1rvore Pau-Cigarra , que estavam misturadas \u00e0s cinzas do franc\u00eas mais petropolitano que Petr\u00f3polis acolheu.<\/p>\n\n\n\n<p>Foi uma cerim\u00f4nia intimista, mas extremamente simb\u00f3lica pois Gu\u00e9don sempre lutou pela participa\u00e7\u00e3o popular e por esta Cidade que ele escolheu para morar com sua fam\u00edlia.A inten\u00e7\u00e3o da fam\u00edlia \u00e9 que no local nas\u00e7a, cres\u00e7a e flores\u00e7a uma bela \u00e1rvore, bem como foi a trajet\u00f3ria de Gu\u00e9don.<\/p>\n","protected":false},"excerpt":{"rendered":"<p>Hoje (29) \u00e0s 7h a fam\u00edlia Gu\u0117don se reuniu ao lado da Casa dos Conselhos,<\/p>\n","protected":false},"author":2,"featured_media":4260,"comment_status":"open","ping_status":"open","sticky":false,"template":"","format":"standard","meta":{"footnotes":""},"categories":[12],"tags":[],"class_list":["post-4259","post","type-post","status-publish","format-standard","has-post-thumbnail","hentry","category-cidade"],"_links":{"self":[{"href":"https:\/\/tvc16.com\/portal\/wp-json\/wp\/v2\/posts\/4259","targetHints":{"allow":["GET"]}}],"collection":[{"href":"https:\/\/tvc16.com\/portal\/wp-json\/wp\/v2\/posts"}],"about":[{"href":"https:\/\/tvc16.com\/portal\/wp-json\/wp\/v2\/types\/post"}],"author":[{"embeddable":true,"href":"https:\/\/tvc16.com\/portal\/wp-json\/wp\/v2\/users\/2"}],"replies":[{"embeddable":true,"href":"https:\/\/tvc16.com\/portal\/wp-json\/wp\/v2\/comments?post=4259"}],"version-history":[{"count":1,"href":"https:\/\/tvc16.com\/portal\/wp-json\/wp\/v2\/posts\/4259\/revisions"}],"predecessor-version":[{"id":4262,"href":"https:\/\/tvc16.com\/portal\/wp-json\/wp\/v2\/posts\/4259\/revisions\/4262"}],"wp:featuredmedia":[{"embeddable":true,"href":"https:\/\/tvc16.com\/portal\/wp-json\/wp\/v2\/media\/4260"}],"wp:attachment":[{"href":"https:\/\/tvc16.com\/portal\/wp-json\/wp\/v2\/media?parent=4259"}],"wp:term":[{"taxonomy":"category","embeddable":true,"href":"https:\/\/tvc16.com\/portal\/wp-json\/wp\/v2\/categories?post=4259"},{"taxonomy":"post_tag","embeddable":true,"href":"https:\/\/tvc16.com\/portal\/wp-json\/wp\/v2\/tags?post=4259"}],"curies":[{"name":"wp","href":"https:\/\/api.w.org\/{rel}","templated":true}]}}