{"id":4266,"date":"2020-10-29T15:13:50","date_gmt":"2020-10-29T15:13:50","guid":{"rendered":"https:\/\/tvc16.com\/portal\/?p=4266"},"modified":"2020-10-29T15:14:23","modified_gmt":"2020-10-29T15:14:23","slug":"duas-apreensoes-de-drogas-sao-feitas-pela-pm-no-vale-do-carangola","status":"publish","type":"post","link":"https:\/\/tvc16.com\/portal\/2020\/10\/29\/duas-apreensoes-de-drogas-sao-feitas-pela-pm-no-vale-do-carangola\/","title":{"rendered":"Duas apreens\u00f5es de drogas s\u00e3o feitas pela PM no Vale do Carangola"},"content":{"rendered":"\n<p>Na quarta-feira (28) a Pol\u00edcia Militar recebeu uma den\u00fancia an\u00f4nima informando sobre a presen\u00e7a de traficantes na Rua Waldemar Vieira Afonso, no Vale do Carangola. Assim que chegaram ao local os agentes perceberam uma movimenta\u00e7\u00e3o suspeita. Os homens, por sua vez, que estavam pr\u00f3ximo ao ponto de \u00f4nibus fugiram quando viram os policiais deixando para tr\u00e1s uma carga contendo 403 pinos de coca\u00edna (685,1g). O material estava escondido dentro de um barril na mata.<\/p>\n\n\n\n<p>Horas mais tarde, por volta das 22h30, os PMs receberam um novo chamado para a mesma rua. Assim que chegaram tr\u00eas suspeitos fugiram e deixaram para tr\u00e1s 50 pinos de coca\u00edna (100,1g) e 95 trouxinhas de maconha (142,5g). As drogas estavam em uma mochila. Os entorpecentes de ambas as ocorr\u00eancias foram apreendidos e levados para a 105\u00aa Delegacia de Pol\u00edcia, no Retiro.<\/p>\n\n\n\n<figure class=\"wp-block-image size-large\"><img loading=\"lazy\" decoding=\"async\" width=\"1024\" height=\"768\" src=\"https:\/\/tvc16.com\/portal\/wp-content\/uploads\/2020\/10\/WhatsApp-Image-2020-10-29-at-10.22.39-1-1024x768.jpeg\" alt=\"\" class=\"wp-image-4267\" srcset=\"https:\/\/tvc16.com\/portal\/wp-content\/uploads\/2020\/10\/WhatsApp-Image-2020-10-29-at-10.22.39-1-1024x768.jpeg 1024w, https:\/\/tvc16.com\/portal\/wp-content\/uploads\/2020\/10\/WhatsApp-Image-2020-10-29-at-10.22.39-1-300x225.jpeg 300w, https:\/\/tvc16.com\/portal\/wp-content\/uploads\/2020\/10\/WhatsApp-Image-2020-10-29-at-10.22.39-1-768x576.jpeg 768w, https:\/\/tvc16.com\/portal\/wp-content\/uploads\/2020\/10\/WhatsApp-Image-2020-10-29-at-10.22.39-1-200x150.jpeg 200w, https:\/\/tvc16.com\/portal\/wp-content\/uploads\/2020\/10\/WhatsApp-Image-2020-10-29-at-10.22.39-1.jpeg 1280w\" sizes=\"auto, (max-width: 1024px) 100vw, 1024px\" \/><\/figure>\n","protected":false},"excerpt":{"rendered":"<p>Na quarta-feira (28) a Pol\u00edcia Militar recebeu uma den\u00fancia an\u00f4nima informando sobre a presen\u00e7a de<\/p>\n","protected":false},"author":2,"featured_media":4269,"comment_status":"open","ping_status":"open","sticky":false,"template":"","format":"standard","meta":{"footnotes":""},"categories":[12],"tags":[],"class_list":["post-4266","post","type-post","status-publish","format-standard","has-post-thumbnail","hentry","category-cidade"],"_links":{"self":[{"href":"https:\/\/tvc16.com\/portal\/wp-json\/wp\/v2\/posts\/4266","targetHints":{"allow":["GET"]}}],"collection":[{"href":"https:\/\/tvc16.com\/portal\/wp-json\/wp\/v2\/posts"}],"about":[{"href":"https:\/\/tvc16.com\/portal\/wp-json\/wp\/v2\/types\/post"}],"author":[{"embeddable":true,"href":"https:\/\/tvc16.com\/portal\/wp-json\/wp\/v2\/users\/2"}],"replies":[{"embeddable":true,"href":"https:\/\/tvc16.com\/portal\/wp-json\/wp\/v2\/comments?post=4266"}],"version-history":[{"count":1,"href":"https:\/\/tvc16.com\/portal\/wp-json\/wp\/v2\/posts\/4266\/revisions"}],"predecessor-version":[{"id":4268,"href":"https:\/\/tvc16.com\/portal\/wp-json\/wp\/v2\/posts\/4266\/revisions\/4268"}],"wp:featuredmedia":[{"embeddable":true,"href":"https:\/\/tvc16.com\/portal\/wp-json\/wp\/v2\/media\/4269"}],"wp:attachment":[{"href":"https:\/\/tvc16.com\/portal\/wp-json\/wp\/v2\/media?parent=4266"}],"wp:term":[{"taxonomy":"category","embeddable":true,"href":"https:\/\/tvc16.com\/portal\/wp-json\/wp\/v2\/categories?post=4266"},{"taxonomy":"post_tag","embeddable":true,"href":"https:\/\/tvc16.com\/portal\/wp-json\/wp\/v2\/tags?post=4266"}],"curies":[{"name":"wp","href":"https:\/\/api.w.org\/{rel}","templated":true}]}}