{"id":4270,"date":"2020-10-29T17:36:27","date_gmt":"2020-10-29T17:36:27","guid":{"rendered":"https:\/\/tvc16.com\/portal\/?p=4270"},"modified":"2020-10-29T17:36:27","modified_gmt":"2020-10-29T17:36:27","slug":"cemaden-rj-alerta-para-pancadas-de-chuva-moderada-a-forte-durante-todo-feriado","status":"publish","type":"post","link":"https:\/\/tvc16.com\/portal\/2020\/10\/29\/cemaden-rj-alerta-para-pancadas-de-chuva-moderada-a-forte-durante-todo-feriado\/","title":{"rendered":"CEMADEN-RJ alerta para pancadas de chuva moderada a forte durante todo feriado"},"content":{"rendered":"\n<p>A Defesa Civil divulgou \u00e0s 14h, um alerta do Centro Nacional de Monitoramento e Alertas de Desastres Naturais, CEMADEN-RJ, sobre a possibilidade de pancadas de chuva moderada a forte, e descargas el\u00e9tricas, principalmente nos per\u00edodos da tarde e da noite.<\/p>\n\n\n\n<p><br>O alerta come\u00e7ou \u00e0s 14h e segue at\u00e9 \u00e0s 9h do dia 01 de novembro. As regi\u00f5es que podem ser afetadas s\u00e3o: Serrana, Sul, capital, Baixada Fluminense, , Litor\u00e2nea, Metropolitana, Costa Verde e norte.<\/p>\n\n\n\n<p><br>Entre as poss\u00edveis consequ\u00eancias provocadas pela chuva est\u00e3o alagamentos, inunda\u00e7\u00f5es e enxurradas, deslizamentos e queda de \u00e1rvores.<\/p>\n\n\n\n<p><\/p>\n","protected":false},"excerpt":{"rendered":"<p>A Defesa Civil divulgou \u00e0s 14h, um alerta do Centro Nacional de Monitoramento e Alertas<\/p>\n","protected":false},"author":2,"featured_media":4271,"comment_status":"open","ping_status":"open","sticky":false,"template":"","format":"standard","meta":{"footnotes":""},"categories":[12],"tags":[],"class_list":["post-4270","post","type-post","status-publish","format-standard","has-post-thumbnail","hentry","category-cidade"],"_links":{"self":[{"href":"https:\/\/tvc16.com\/portal\/wp-json\/wp\/v2\/posts\/4270","targetHints":{"allow":["GET"]}}],"collection":[{"href":"https:\/\/tvc16.com\/portal\/wp-json\/wp\/v2\/posts"}],"about":[{"href":"https:\/\/tvc16.com\/portal\/wp-json\/wp\/v2\/types\/post"}],"author":[{"embeddable":true,"href":"https:\/\/tvc16.com\/portal\/wp-json\/wp\/v2\/users\/2"}],"replies":[{"embeddable":true,"href":"https:\/\/tvc16.com\/portal\/wp-json\/wp\/v2\/comments?post=4270"}],"version-history":[{"count":1,"href":"https:\/\/tvc16.com\/portal\/wp-json\/wp\/v2\/posts\/4270\/revisions"}],"predecessor-version":[{"id":4272,"href":"https:\/\/tvc16.com\/portal\/wp-json\/wp\/v2\/posts\/4270\/revisions\/4272"}],"wp:featuredmedia":[{"embeddable":true,"href":"https:\/\/tvc16.com\/portal\/wp-json\/wp\/v2\/media\/4271"}],"wp:attachment":[{"href":"https:\/\/tvc16.com\/portal\/wp-json\/wp\/v2\/media?parent=4270"}],"wp:term":[{"taxonomy":"category","embeddable":true,"href":"https:\/\/tvc16.com\/portal\/wp-json\/wp\/v2\/categories?post=4270"},{"taxonomy":"post_tag","embeddable":true,"href":"https:\/\/tvc16.com\/portal\/wp-json\/wp\/v2\/tags?post=4270"}],"curies":[{"name":"wp","href":"https:\/\/api.w.org\/{rel}","templated":true}]}}