{"id":4274,"date":"2020-10-29T23:19:30","date_gmt":"2020-10-29T23:19:30","guid":{"rendered":"https:\/\/tvc16.com\/portal\/?p=4274"},"modified":"2020-10-29T23:19:30","modified_gmt":"2020-10-29T23:19:30","slug":"papa-condena-ataque-selvagem-a-uma-igreja-na-franca","status":"publish","type":"post","link":"https:\/\/tvc16.com\/portal\/2020\/10\/29\/papa-condena-ataque-selvagem-a-uma-igreja-na-franca\/","title":{"rendered":"Papa condena ataque &#8220;selvagem&#8221; a uma igreja na Fran\u00e7a"},"content":{"rendered":"\n<h3 class=\"wp-block-heading\">Tr\u00eas pessoas foram mortas em um templo na cidade de Nice<\/h3>\n\n\n\n<h4 class=\"wp-block-heading\">Por Philip Pullella &#8211; Rep\u00f3rter da Reuters &#8211; Cidade do Vaticano<\/h4>\n\n\n\n<figure class=\"wp-block-image\"><a href=\"https:\/\/br.reuters.com\/\" target=\"_blank\" rel=\"noreferrer noopener\"><img decoding=\"async\" src=\"https:\/\/agenciabrasil.ebc.com.br\/sites\/default\/files\/styles\/269x0\/public\/logo_parceiros\/logo_reuters.jpg?itok=1pP189Lc\" alt=\"Reuters\"\/><\/a><\/figure>\n\n\n\n<p>O papa Francisco condenou como &#8220;selvagem&#8221; um&nbsp;<a href=\"https:\/\/agenciabrasil.ebc.com.br\/internacional\/noticia\/2020-10\/esfaqueamento-no-interior-de-uma-igreja-deixa-tres-mortos-em-nice\" target=\"_blank\" rel=\"noreferrer noopener\">ataque<\/a>&nbsp;no qual tr\u00eas pessoas foram mortas em uma igreja em Nice, na Fran\u00e7a, nesta quinta-feira (29), e o Vaticano afirmou que terrorismo e viol\u00eancia nunca foram aceit\u00e1veis.<img decoding=\"async\" src=\"https:\/\/agenciabrasil.ebc.com.br\/ebc.png?id=1391841&amp;o=node\"><img decoding=\"async\" src=\"https:\/\/agenciabrasil.ebc.com.br\/ebc.gif?id=1391841&amp;o=node\"><\/p>\n\n\n\n<p>&#8220;Informado sobre o ataque selvagem perpetrado nesta manh\u00e3 em uma igreja em Nice, causando a morte de v\u00e1rias pessoas inocentes, Sua Santidade, o papa Francisco, se une em ora\u00e7\u00e3o com o sofrimento das fam\u00edlias e compartilha sua dor&#8221;, diz mensagem enviada em nome do pont\u00edfice ao bispo de Nice.<\/p>\n\n\n\n<p>Segundo a mensagem, o papa condena &#8220;da maneira mais en\u00e9rgica esses violentos atos de terror&#8221; e pede que o povo franc\u00eas permane\u00e7a unido.<\/p>\n\n\n\n<p>Anteriormente, o porta-voz do Vaticano, Matteo Bruni, disse que o ataque &#8220;semeou a morte em um lugar de amor e consola\u00e7\u00e3o&#8221;, uma casa de Deus.<\/p>\n\n\n\n<p>&#8220;\u00c9 um momento de dor em tempos de confus\u00e3o. Terrorismo e viol\u00eancia nunca podem ser aceitos&#8221;, afirmou Bruni.<\/p>\n","protected":false},"excerpt":{"rendered":"<p>Tr\u00eas pessoas foram mortas em um templo na cidade de Nice Por Philip Pullella &#8211;<\/p>\n","protected":false},"author":2,"featured_media":4275,"comment_status":"open","ping_status":"open","sticky":false,"template":"","format":"standard","meta":{"footnotes":""},"categories":[22],"tags":[],"class_list":["post-4274","post","type-post","status-publish","format-standard","has-post-thumbnail","hentry","category-internacional"],"_links":{"self":[{"href":"https:\/\/tvc16.com\/portal\/wp-json\/wp\/v2\/posts\/4274","targetHints":{"allow":["GET"]}}],"collection":[{"href":"https:\/\/tvc16.com\/portal\/wp-json\/wp\/v2\/posts"}],"about":[{"href":"https:\/\/tvc16.com\/portal\/wp-json\/wp\/v2\/types\/post"}],"author":[{"embeddable":true,"href":"https:\/\/tvc16.com\/portal\/wp-json\/wp\/v2\/users\/2"}],"replies":[{"embeddable":true,"href":"https:\/\/tvc16.com\/portal\/wp-json\/wp\/v2\/comments?post=4274"}],"version-history":[{"count":1,"href":"https:\/\/tvc16.com\/portal\/wp-json\/wp\/v2\/posts\/4274\/revisions"}],"predecessor-version":[{"id":4276,"href":"https:\/\/tvc16.com\/portal\/wp-json\/wp\/v2\/posts\/4274\/revisions\/4276"}],"wp:featuredmedia":[{"embeddable":true,"href":"https:\/\/tvc16.com\/portal\/wp-json\/wp\/v2\/media\/4275"}],"wp:attachment":[{"href":"https:\/\/tvc16.com\/portal\/wp-json\/wp\/v2\/media?parent=4274"}],"wp:term":[{"taxonomy":"category","embeddable":true,"href":"https:\/\/tvc16.com\/portal\/wp-json\/wp\/v2\/categories?post=4274"},{"taxonomy":"post_tag","embeddable":true,"href":"https:\/\/tvc16.com\/portal\/wp-json\/wp\/v2\/tags?post=4274"}],"curies":[{"name":"wp","href":"https:\/\/api.w.org\/{rel}","templated":true}]}}