{"id":4277,"date":"2020-10-29T23:22:10","date_gmt":"2020-10-29T23:22:10","guid":{"rendered":"https:\/\/tvc16.com\/portal\/?p=4277"},"modified":"2020-10-29T23:22:10","modified_gmt":"2020-10-29T23:22:10","slug":"franca-eleva-nivel-de-ameaca-a-seguranca-para-patamar-mais-alto","status":"publish","type":"post","link":"https:\/\/tvc16.com\/portal\/2020\/10\/29\/franca-eleva-nivel-de-ameaca-a-seguranca-para-patamar-mais-alto\/","title":{"rendered":"Fran\u00e7a eleva n\u00edvel de amea\u00e7a \u00e0 seguran\u00e7a para patamar mais alto"},"content":{"rendered":"\n<h3 class=\"wp-block-heading\">No Sul do pa\u00eds, a pol\u00edcia matou um homem que amea\u00e7ava pedestres<\/h3>\n\n\n\n<p>A Fran\u00e7a elevou o n\u00edvel de alerta de seguran\u00e7a para o patamar mais alto, depois de um&nbsp;ataque a faca na cidade de Nice, disse o primeiro-ministro do pa\u00eds, Jean Castex, nesta quinta-feira (29).<img decoding=\"async\" src=\"https:\/\/agenciabrasil.ebc.com.br\/ebc.png?id=1391816&amp;o=node\"><img decoding=\"async\" src=\"https:\/\/agenciabrasil.ebc.com.br\/ebc.gif?id=1391816&amp;o=node\"><\/p>\n\n\n\n<p>Castex tamb\u00e9m disse \u00e0 Assembleia Nacional do pa\u00eds que a resposta do governo ao ataque ser\u00e1 firme e implac\u00e1vel.<\/p>\n\n\n\n<h2 class=\"wp-block-heading\">Ataque em igreja<\/h2>\n\n\n\n<p>Pelo menos&nbsp;<a href=\"https:\/\/agenciabrasil.ebc.com.br\/internacional\/noticia\/2020-10\/esfaqueamento-no-interior-de-uma-igreja-deixa-tres-mortos-em-nice\" target=\"_blank\" rel=\"noreferrer noopener\">tr\u00eas pessoas morreram<\/a>&nbsp;e v\u00e1rias ficaram feridas, no epis\u00f3dio. O autor do ataque foi detido, ap\u00f3s ter sido baleado. O departamento franc\u00eas anti-terrorismo foi j\u00e1 chamado para&nbsp;investigar o caso tratado como assassinato e tentativa de assassinato.<\/p>\n\n\n\n<p>Duas das v\u00edtimas teriam falecido na Igreja Notre-Dame. Uma delas teria&nbsp;sido degolada. Uma pessoa ferida fugiu para um bar nas proximidades, mas tamb\u00e9m morreu. O ataque ocorreu por volta das 9h&nbsp;(5h em Bras\u00edlia), quando come\u00e7ava a missa da manh\u00e3.<\/p>\n\n\n\n<h2 class=\"wp-block-heading\">Sul da Fran\u00e7a<\/h2>\n\n\n\n<p>Em outro epis\u00f3dio na manh\u00e3 de hoje&nbsp;em Montfavet, perto da cidade de Avignon, no sul da Fran\u00e7a, a&nbsp;pol\u00edcia francesa matou um homem em&nbsp;depois que ele havia amea\u00e7ado pedestres com uma arma, informou a pol\u00edcia, confirmando relatos da m\u00eddia.<\/p>\n\n\n\n<p>De acordo com a emissora de r\u00e1dio francesa Europe 1, o homem gritou &#8220;Allahu Akbar&#8221; (Deus \u00e9 grande).<\/p>\n","protected":false},"excerpt":{"rendered":"<p>No Sul do pa\u00eds, a pol\u00edcia matou um homem que amea\u00e7ava pedestres A Fran\u00e7a elevou<\/p>\n","protected":false},"author":2,"featured_media":4278,"comment_status":"open","ping_status":"open","sticky":false,"template":"","format":"standard","meta":{"footnotes":""},"categories":[22],"tags":[],"class_list":["post-4277","post","type-post","status-publish","format-standard","has-post-thumbnail","hentry","category-internacional"],"_links":{"self":[{"href":"https:\/\/tvc16.com\/portal\/wp-json\/wp\/v2\/posts\/4277","targetHints":{"allow":["GET"]}}],"collection":[{"href":"https:\/\/tvc16.com\/portal\/wp-json\/wp\/v2\/posts"}],"about":[{"href":"https:\/\/tvc16.com\/portal\/wp-json\/wp\/v2\/types\/post"}],"author":[{"embeddable":true,"href":"https:\/\/tvc16.com\/portal\/wp-json\/wp\/v2\/users\/2"}],"replies":[{"embeddable":true,"href":"https:\/\/tvc16.com\/portal\/wp-json\/wp\/v2\/comments?post=4277"}],"version-history":[{"count":1,"href":"https:\/\/tvc16.com\/portal\/wp-json\/wp\/v2\/posts\/4277\/revisions"}],"predecessor-version":[{"id":4279,"href":"https:\/\/tvc16.com\/portal\/wp-json\/wp\/v2\/posts\/4277\/revisions\/4279"}],"wp:featuredmedia":[{"embeddable":true,"href":"https:\/\/tvc16.com\/portal\/wp-json\/wp\/v2\/media\/4278"}],"wp:attachment":[{"href":"https:\/\/tvc16.com\/portal\/wp-json\/wp\/v2\/media?parent=4277"}],"wp:term":[{"taxonomy":"category","embeddable":true,"href":"https:\/\/tvc16.com\/portal\/wp-json\/wp\/v2\/categories?post=4277"},{"taxonomy":"post_tag","embeddable":true,"href":"https:\/\/tvc16.com\/portal\/wp-json\/wp\/v2\/tags?post=4277"}],"curies":[{"name":"wp","href":"https:\/\/api.w.org\/{rel}","templated":true}]}}