{"id":4280,"date":"2020-10-29T23:23:40","date_gmt":"2020-10-29T23:23:40","guid":{"rendered":"https:\/\/tvc16.com\/portal\/?p=4280"},"modified":"2020-10-29T23:23:40","modified_gmt":"2020-10-29T23:23:40","slug":"esfaqueamento-no-interior-de-uma-igreja-deixa-tres-mortos-em-nice","status":"publish","type":"post","link":"https:\/\/tvc16.com\/portal\/2020\/10\/29\/esfaqueamento-no-interior-de-uma-igreja-deixa-tres-mortos-em-nice\/","title":{"rendered":"Esfaqueamento no interior de uma igreja deixa tr\u00eas mortos, em Nice"},"content":{"rendered":"\n<h3 class=\"wp-block-heading\">Um homem foi detido pela pol\u00edcia<\/h3>\n\n\n\n<figure class=\"wp-block-image\"><a href=\"https:\/\/www.rtp.pt\/\" target=\"_blank\" rel=\"noreferrer noopener\"><img decoding=\"async\" src=\"https:\/\/agenciabrasil.ebc.com.br\/sites\/default\/files\/styles\/269x0\/public\/logo_parceiros\/logo_rtp.jpg?itok=HEH6qO8e\" alt=\"RTP - R\u00e1dio e Televis\u00e3o de Portugal\"\/><\/a><\/figure>\n\n\n\n<p>Pelo menos tr\u00eas pessoas morreram e v\u00e1rias ficaram feridas, em um esfaqueamento, ocorrido na cidade francesa de Nice. O ataque aconteceu na manh\u00e3 de hoje (29), em uma igreja. O autor do ataque foi detido. O departamento franc\u00eas anti-terrorismo foi j\u00e1 chamado para&nbsp;investigar o caso tratado como assassinato e tentativa de assassinato.<img decoding=\"async\" src=\"https:\/\/agenciabrasil.ebc.com.br\/ebc.png?id=1391808&amp;o=node\"><img decoding=\"async\" src=\"https:\/\/agenciabrasil.ebc.com.br\/ebc.gif?id=1391808&amp;o=node\"><\/p>\n\n\n\n<p>O prefeito de Nice, Christian Estrosi, anunciou que\u00a0o suspeito foi detido e que tudo aponta para um ataque terrorista. Enquanto era detido, o\u00a0homem gritou &#8220;Deus \u00e9 Grande&#8221;. Ele foi levado para um\u00a0hospital com ferimentos de bala, decorrentes do momento da deten\u00e7\u00e3o.<\/p>\n\n\n\n<p>J\u00e1 o&nbsp;ministro do Interior informou que haver\u00e1&nbsp;uma reuni\u00e3o de crise devido ao acontecimento. O prefeito de Nice disse ainda que o Presidente Emmanuel Macron ir\u00e1 \u00e0 cidade, ainda nesta quinta-feira.<\/p>\n\n\n\n<p>Duas das v\u00edtimas teriam falecido na Igreja. Uma delas teria&nbsp;sido degolada. Uma pessoa ferida fugiu para um bar nas proximidades, mas tamb\u00e9m morreu, de acordo com uma fonte policial citada pela Ag\u00eancia France Press. O ataque ocorreu por volta das 9h&nbsp;(5h em Bras\u00edlia) perto da igreja Notre-Dame, quando come\u00e7ava a missa da manh\u00e3.<\/p>\n\n\n\n<p>N\u00e3o h\u00e1 ainda informa\u00e7\u00e3o sobre os motivos deste ataque em Nice, mas a pol\u00edcia fala de uma situa\u00e7\u00e3o grave, com explos\u00f5es conduzidas pela pol\u00edcia, durante a&nbsp;opera\u00e7\u00e3o.<\/p>\n\n\n\n<figure class=\"wp-block-image\"><img decoding=\"async\" src=\"https:\/\/imagens.ebc.com.br\/XmW3MgCBgr5sz7xwlUBES46fegM=\/754x0\/smart\/https:\/\/agenciabrasil.ebc.com.br\/sites\/default\/files\/thumbnails\/image\/2020-10-29t095256z_469369059_rc29sj9hxmks_rtrmadp_3_france-security-nice.jpg?itok=wWfeMthK\" alt=\"Relatado ataque de faca na cidade francesa de Nice\" title=\"Reuters\/Eric Gaillard\/Direitos Reservados\"\/><\/figure>\n\n\n\n<h6 class=\"wp-block-heading\">Ataque a&nbsp;faca deixa tr\u00eas mortos na&nbsp;cidade francesa de Nice &#8211;&nbsp;<strong>Reuters\/Eric Gaillard\/Direitos Reservados<\/strong><\/h6>\n\n\n\n<h2 class=\"wp-block-heading\">Professor morto<\/h2>\n\n\n\n<p>O ataque ocorre no momento&nbsp;em que a Fran\u00e7a ainda tem presente na mem\u00f3ria a morte de um professor, Samuel Paty, alegadamente decapitado por ter mostrado, em sala de aula, caricaturas de Maom\u00e9 que tinham sido publicadas pelo Charlie Hebdo e que motivaram \u00e0 \u00e9poca ataques terroristas.<\/p>\n\n\n\n<p>O prefeito de Nice considera que &#8220;13 dias depois do ataque a Samuel Paty, o nosso pa\u00eds n\u00e3o pode mais se contentar com as leis de paz para destruir o fascismo isl\u00e2mico\u201d.<\/p>\n\n\n\n<figure class=\"wp-block-image\"><img decoding=\"async\" src=\"https:\/\/imagens.ebc.com.br\/EA77nKkD9Fi92e6_39Tkk4K9DIc=\/754x0\/smart\/https:\/\/agenciabrasil.ebc.com.br\/sites\/default\/files\/thumbnails\/image\/2020-10-29t095854z_506483709_rc29sj91ojjn_rtrmadp_3_france-security-nice.jpg?itok=ifKlGKlp\" alt=\"Relatado ataque de faca na cidade francesa de Nice\" title=\"Reuters\/Eric Gaillard\/Direitos Reservados\"\/><\/figure>\n\n\n\n<h6 class=\"wp-block-heading\">Policiais nas ruas de Nice, ap\u00f3s ataque a faca em uma igreja da cidade&nbsp;&#8211;&nbsp;<strong>Reuters\/Eric Gaillard\/Direitos Reservados<\/strong><\/h6>\n\n\n\n<h2 class=\"wp-block-heading\">Pandemia<\/h2>\n\n\n\n<p>O ataque ocorreu enquanto a Assembleia Nacional discutia o confinamento para combater a pandemia do novo coronav\u00edrus. A Assembleia fez um minuto de sil\u00eancio em solidariedade \u00e0s v\u00edtimas e seus parentes.<\/p>\n\n\n\n<p>O primeiro-ministro franc\u00eas, Jean Castex, saiu \u00e0s pressas da Assembleia Nacional para se dirigir \u00e0 unidade de crise. O Presidente franc\u00eas, Emmanuel Macron, tamb\u00e9m marcou presen\u00e7a na reuni\u00e3o, anunciou o pal\u00e1cio do Eliseu.<\/p>\n\n\n\n<p>Nice esteve foi palco, em 2016, de um ataque que deixou 86 mortos na famosa avenida Promenade des Anglais, em 14 de julho, em pleno feriado nacional.<\/p>\n","protected":false},"excerpt":{"rendered":"<p>Um homem foi detido pela pol\u00edcia Pelo menos tr\u00eas pessoas morreram e v\u00e1rias ficaram feridas,<\/p>\n","protected":false},"author":2,"featured_media":4281,"comment_status":"open","ping_status":"open","sticky":false,"template":"","format":"standard","meta":{"footnotes":""},"categories":[22],"tags":[],"class_list":["post-4280","post","type-post","status-publish","format-standard","has-post-thumbnail","hentry","category-internacional"],"_links":{"self":[{"href":"https:\/\/tvc16.com\/portal\/wp-json\/wp\/v2\/posts\/4280","targetHints":{"allow":["GET"]}}],"collection":[{"href":"https:\/\/tvc16.com\/portal\/wp-json\/wp\/v2\/posts"}],"about":[{"href":"https:\/\/tvc16.com\/portal\/wp-json\/wp\/v2\/types\/post"}],"author":[{"embeddable":true,"href":"https:\/\/tvc16.com\/portal\/wp-json\/wp\/v2\/users\/2"}],"replies":[{"embeddable":true,"href":"https:\/\/tvc16.com\/portal\/wp-json\/wp\/v2\/comments?post=4280"}],"version-history":[{"count":1,"href":"https:\/\/tvc16.com\/portal\/wp-json\/wp\/v2\/posts\/4280\/revisions"}],"predecessor-version":[{"id":4282,"href":"https:\/\/tvc16.com\/portal\/wp-json\/wp\/v2\/posts\/4280\/revisions\/4282"}],"wp:featuredmedia":[{"embeddable":true,"href":"https:\/\/tvc16.com\/portal\/wp-json\/wp\/v2\/media\/4281"}],"wp:attachment":[{"href":"https:\/\/tvc16.com\/portal\/wp-json\/wp\/v2\/media?parent=4280"}],"wp:term":[{"taxonomy":"category","embeddable":true,"href":"https:\/\/tvc16.com\/portal\/wp-json\/wp\/v2\/categories?post=4280"},{"taxonomy":"post_tag","embeddable":true,"href":"https:\/\/tvc16.com\/portal\/wp-json\/wp\/v2\/tags?post=4280"}],"curies":[{"name":"wp","href":"https:\/\/api.w.org\/{rel}","templated":true}]}}