{"id":4283,"date":"2020-10-29T23:40:42","date_gmt":"2020-10-29T23:40:42","guid":{"rendered":"https:\/\/tvc16.com\/portal\/?p=4283"},"modified":"2020-10-29T23:40:42","modified_gmt":"2020-10-29T23:40:42","slug":"criacao-de-empregos-em-setembro-atinge-melhor-nivel-em-dez-anos","status":"publish","type":"post","link":"https:\/\/tvc16.com\/portal\/2020\/10\/29\/criacao-de-empregos-em-setembro-atinge-melhor-nivel-em-dez-anos\/","title":{"rendered":"Cria\u00e7\u00e3o de empregos em setembro atinge melhor n\u00edvel em dez anos"},"content":{"rendered":"\n<h3 class=\"wp-block-heading\">Caged diz que 249,3 mil postos de trabalho foram abertos no m\u00eas<\/h3>\n\n\n\n<h4 class=\"wp-block-heading\">Por Wellton M\u00e1ximo \u2013 Rep\u00f3rter da Ag\u00eancia Brasil &#8211; Bras\u00edlia<\/h4>\n\n\n\n<p>Pelo segundo m\u00eas seguido, o pa\u00eds criou empregos formais. Segundo dados divulgados pelo Cadastro Geral de Empregados e Desempregados (Caged), da Secretaria de Trabalho do Minist\u00e9rio da Economia, 313.564 postos de trabalho com carteira assinada foram abertos no \u00faltimo m\u00eas. O indicador mede a diferen\u00e7a entre contrata\u00e7\u00f5es e demiss\u00f5es.<br><br>Este foi o melhor resultado para meses de setembro desde o in\u00edcio da s\u00e9rie hist\u00f3rica do Caged, em 2010. No acumulado do ano, no entanto, o mercado de trabalho continua sentindo o impacto da pandemia. De janeiro a setembro, foram fechadas 558.597 vagas, o terceiro pior resultado para o per\u00edodo desde o in\u00edcio da s\u00e9rie hist\u00f3rica, em 2010. S\u00f3 perdendo para os nove primeiros meses de 2015 (-657.761 empregos) e 2016 (-683.597).<img decoding=\"async\" src=\"https:\/\/agenciabrasil.ebc.com.br\/ebc.png?id=1391863&amp;o=node\"><img decoding=\"async\" src=\"https:\/\/agenciabrasil.ebc.com.br\/ebc.gif?id=1391863&amp;o=node\"><\/p>\n\n\n\n<h2 class=\"wp-block-heading\">Setores<\/h2>\n\n\n\n<p>Na divis\u00e3o por ramos de atividade, todos os cinco setores pesquisados criaram empregos formais em setembro. A estat\u00edstica foi liderada pela ind\u00fastria, com a abertura de 110.868 postos. O indicador inclui a ind\u00fastria de transforma\u00e7\u00e3o, de extra\u00e7\u00e3o e de outros tipos.<br><br>Com 80.481 novos postos, os servi\u00e7os v\u00eam em segundo lugar. A cria\u00e7\u00e3o de empregos no setor de servi\u00e7os quase dobrou em rela\u00e7\u00e3o a agosto. Em seguida, vem o grupo com\u00e9rcio, repara\u00e7\u00e3o de servi\u00e7os automotores e de motocicletas, com 69.239 novas vagas.<br><br>Em quarto lugar, est\u00e1 o setor de constru\u00e7\u00e3o, com 45.249 postos. O grupo que abrange agricultura, pecu\u00e1ria, produ\u00e7\u00e3o florestal, pesca e aquicultura, abriu 7.751 postos em setembro.<\/p>\n\n\n\n<h2 class=\"wp-block-heading\">Destaques<\/h2>\n\n\n\n<p>Na ind\u00fastria, o destaque positivo ficou com a ind\u00fastria de transforma\u00e7\u00e3o, que contratou 108.283 trabalhadores a mais do que demitiu. Em segundo lugar, veio a ind\u00fastria ligada ao saneamento e \u00e0 gest\u00e3o de res\u00edduos, que abriu 1.446 vagas.<br><br>Os servi\u00e7os tiveram desempenhos opostos conforme o ramo de atividade. O segmento de atividades administrativas e servi\u00e7os complementares criou 42.349 postos. O setor de atividades profissionais, cient\u00edficas e t\u00e9cnicas abriu 12.455 vagas.<br><br>Segmento mais afetado pelo distanciamento social, o setor de alojamento e alimenta\u00e7\u00e3o voltou a criar empregos depois de seis meses de demiss\u00f5es e abriu 4.637 vagas. O segmento de educa\u00e7\u00e3o, no entanto, continua a enfrentar dificuldades e demitiu 8.474 trabalhadores a mais do que contratou.<br><br>Desde abril, as estat\u00edsticas do Caged n\u00e3o detalham as contrata\u00e7\u00f5es e demiss\u00f5es por segmentos do com\u00e9rcio. A s\u00e9rie hist\u00f3rica anterior separava os dados do com\u00e9rcio atacadista e varejista.<\/p>\n\n\n\n<h2 class=\"wp-block-heading\">Regi\u00f5es<\/h2>\n\n\n\n<p>Todas as regi\u00f5es brasileiras criaram empregos com carteira assinada em setembro. O Sudeste liderou a abertura de vagas, com 128.094 novos postos, seguido pelo Nordeste, com 85.336 postos criados, e pelo Sul, com mais 60.319 postos. O Norte abriu 20.640 postos de trabalho, e o Centro-Oeste criou 19.194 postos formais no m\u00eas passado.<br><br>Na divis\u00e3o por unidades da Federa\u00e7\u00e3o, a cria\u00e7\u00e3o de empregos se disseminou pelo pa\u00eds. Todos os estados e o Distrito Federal abriram postos com carteira assinada em setembro.<\/p>\n\n\n\n<p>As maiores varia\u00e7\u00f5es positivas ocorreram em S\u00e3o Paulo, com a abertura de 75.706 postos; Minas Gerais, 36.505 postos, e Santa Catarina, 24.827 postos. Os tr\u00eas estados que menos criam postos de trabalho foram Amap\u00e1, 450 vagas; Acre, 577; e Roraima, 1.101.<\/p>\n\n\n\n<p>Edi\u00e7\u00e3o: N\u00e1dia Franco<\/p>\n","protected":false},"excerpt":{"rendered":"<p>Caged diz que 249,3 mil postos de trabalho foram abertos no m\u00eas Por Wellton M\u00e1ximo<\/p>\n","protected":false},"author":2,"featured_media":4285,"comment_status":"open","ping_status":"open","sticky":false,"template":"","format":"standard","meta":{"footnotes":""},"categories":[18],"tags":[],"class_list":["post-4283","post","type-post","status-publish","format-standard","has-post-thumbnail","hentry","category-economia"],"_links":{"self":[{"href":"https:\/\/tvc16.com\/portal\/wp-json\/wp\/v2\/posts\/4283","targetHints":{"allow":["GET"]}}],"collection":[{"href":"https:\/\/tvc16.com\/portal\/wp-json\/wp\/v2\/posts"}],"about":[{"href":"https:\/\/tvc16.com\/portal\/wp-json\/wp\/v2\/types\/post"}],"author":[{"embeddable":true,"href":"https:\/\/tvc16.com\/portal\/wp-json\/wp\/v2\/users\/2"}],"replies":[{"embeddable":true,"href":"https:\/\/tvc16.com\/portal\/wp-json\/wp\/v2\/comments?post=4283"}],"version-history":[{"count":1,"href":"https:\/\/tvc16.com\/portal\/wp-json\/wp\/v2\/posts\/4283\/revisions"}],"predecessor-version":[{"id":4286,"href":"https:\/\/tvc16.com\/portal\/wp-json\/wp\/v2\/posts\/4283\/revisions\/4286"}],"wp:featuredmedia":[{"embeddable":true,"href":"https:\/\/tvc16.com\/portal\/wp-json\/wp\/v2\/media\/4285"}],"wp:attachment":[{"href":"https:\/\/tvc16.com\/portal\/wp-json\/wp\/v2\/media?parent=4283"}],"wp:term":[{"taxonomy":"category","embeddable":true,"href":"https:\/\/tvc16.com\/portal\/wp-json\/wp\/v2\/categories?post=4283"},{"taxonomy":"post_tag","embeddable":true,"href":"https:\/\/tvc16.com\/portal\/wp-json\/wp\/v2\/tags?post=4283"}],"curies":[{"name":"wp","href":"https:\/\/api.w.org\/{rel}","templated":true}]}}