{"id":429,"date":"2020-09-14T23:56:26","date_gmt":"2020-09-14T23:56:26","guid":{"rendered":"https:\/\/tvc16.com\/portal\/?p=429"},"modified":"2020-09-14T23:56:26","modified_gmt":"2020-09-14T23:56:26","slug":"corpo-encontrado-na-barra-da-tijuca-nao-e-de-maxwell-soares-da-silva","status":"publish","type":"post","link":"https:\/\/tvc16.com\/portal\/2020\/09\/14\/corpo-encontrado-na-barra-da-tijuca-nao-e-de-maxwell-soares-da-silva\/","title":{"rendered":"Corpo encontrado na Barra da Tijuca n\u00e3o \u00e9 de Maxwell Soares da Silva"},"content":{"rendered":"\n<p><\/p>\n\n\n\n<p>Amigos da fam\u00edlia de Maxwell Soares da Silva, de 20 anos, afirmam que corpo encontrado na praia da Barra da Tijuca, onde as buscas pelo rapaz estavam sendo feitas, n\u00e3o \u00e9 do soldado do Ex\u00e9rcito. Durante a identifica\u00e7\u00e3o os parentes perceberam que o homem localizado n\u00e3o possu\u00eda tatuagens e estava com outra bermuda. Diante disso, continua a procura por Maxweel, desaparecido desde o dia 6 de setembro. Agora as autoridades tentam identificar a outra v\u00edtima de afogamento. A suspeita \u00e9 que o corpo perten\u00e7a a um rapaz que se afogou na Praia do Perigoso, no RJ, no \u00faltimo dia 8.<\/p>\n","protected":false},"excerpt":{"rendered":"<p>Amigos da fam\u00edlia de Maxwell Soares da Silva, de 20 anos, afirmam que corpo encontrado<\/p>\n","protected":false},"author":2,"featured_media":430,"comment_status":"open","ping_status":"open","sticky":false,"template":"","format":"standard","meta":{"footnotes":""},"categories":[12],"tags":[],"class_list":["post-429","post","type-post","status-publish","format-standard","has-post-thumbnail","hentry","category-cidade"],"_links":{"self":[{"href":"https:\/\/tvc16.com\/portal\/wp-json\/wp\/v2\/posts\/429","targetHints":{"allow":["GET"]}}],"collection":[{"href":"https:\/\/tvc16.com\/portal\/wp-json\/wp\/v2\/posts"}],"about":[{"href":"https:\/\/tvc16.com\/portal\/wp-json\/wp\/v2\/types\/post"}],"author":[{"embeddable":true,"href":"https:\/\/tvc16.com\/portal\/wp-json\/wp\/v2\/users\/2"}],"replies":[{"embeddable":true,"href":"https:\/\/tvc16.com\/portal\/wp-json\/wp\/v2\/comments?post=429"}],"version-history":[{"count":1,"href":"https:\/\/tvc16.com\/portal\/wp-json\/wp\/v2\/posts\/429\/revisions"}],"predecessor-version":[{"id":431,"href":"https:\/\/tvc16.com\/portal\/wp-json\/wp\/v2\/posts\/429\/revisions\/431"}],"wp:featuredmedia":[{"embeddable":true,"href":"https:\/\/tvc16.com\/portal\/wp-json\/wp\/v2\/media\/430"}],"wp:attachment":[{"href":"https:\/\/tvc16.com\/portal\/wp-json\/wp\/v2\/media?parent=429"}],"wp:term":[{"taxonomy":"category","embeddable":true,"href":"https:\/\/tvc16.com\/portal\/wp-json\/wp\/v2\/categories?post=429"},{"taxonomy":"post_tag","embeddable":true,"href":"https:\/\/tvc16.com\/portal\/wp-json\/wp\/v2\/tags?post=429"}],"curies":[{"name":"wp","href":"https:\/\/api.w.org\/{rel}","templated":true}]}}