{"id":4290,"date":"2020-10-29T23:43:45","date_gmt":"2020-10-29T23:43:45","guid":{"rendered":"https:\/\/tvc16.com\/portal\/?p=4290"},"modified":"2020-10-29T23:43:45","modified_gmt":"2020-10-29T23:43:45","slug":"covid-19-brasil-acumula-549-milhoes-de-casos-e-1589-mil-mortes","status":"publish","type":"post","link":"https:\/\/tvc16.com\/portal\/2020\/10\/29\/covid-19-brasil-acumula-549-milhoes-de-casos-e-1589-mil-mortes\/","title":{"rendered":"Covid-19: Brasil acumula 5,49 milh\u00f5es de casos e 158,9 mil mortes"},"content":{"rendered":"\n<h3 class=\"wp-block-heading\">Do total de casos confirmados, 90,2% j\u00e1 se recuperou da doen\u00e7a<\/h3>\n\n\n\n<h4 class=\"wp-block-heading\">Por Jonas Valente \u2013 Rep\u00f3rter Ag\u00eancia Brasil &#8211; Bras\u00edlia<\/h4>\n\n\n\n<p>As mortes decorrentes da pandemia do novo coronav\u00edrus chegaram a 158.969, de acordo com o balan\u00e7o do Minist\u00e9rio da Sa\u00fade divulgado na noite desta&nbsp;quinta-feira (29), a partir de dados das secretarias estaduais de sa\u00fade.<img decoding=\"async\" src=\"https:\/\/agenciabrasil.ebc.com.br\/ebc.png?id=1391875&amp;o=node\"><img decoding=\"async\" src=\"https:\/\/agenciabrasil.ebc.com.br\/ebc.gif?id=1391875&amp;o=node\"><\/p>\n\n\n\n<p>Nas \u00faltimas 24 horas, foram registrados 513 \u00f3bitos.&nbsp;Ontem, o sistema de dados sobre a pandemia marcava 158.456 mortes geradas pela doen\u00e7a. Ainda h\u00e1 2.333 falecimentos em investiga\u00e7\u00e3o.<\/p>\n\n\n\n<p>Ainda de acordo com o balan\u00e7o do Minist\u00e9rio da Sa\u00fade, o n\u00famero de pessoas infectadas com o novo coronav\u00edrus desde o in\u00edcio da pandemia atingiu 5.494.376. Entre&nbsp;ontem&nbsp;e&nbsp;hoje, foram notificados 26.106 novos diagn\u00f3sticos positivos.&nbsp;Ontem, o sistema do minist\u00e9rio trazia 5.468.270 pessoas com covid-19 desde o in\u00edcio da pandemia.<\/p>\n\n\n\n<p>Hoje&nbsp;o Minist\u00e9rio da Sa\u00fade tamb\u00e9m divulgou boletim epidemiol\u00f3gico mostrando que os&nbsp;<a href=\"https:\/\/agenciabrasil.ebc.com.br\/saude\/noticia\/2020-10\/covid-19-apesar-da-alta-de-casos-numero-de-obitos-continua-em-queda\" target=\"_blank\" rel=\"noreferrer noopener\">casos por semana voltaram a crescer no pa\u00eds<\/a>. J\u00e1 as mortes seguem a trajet\u00f3ria de queda ap\u00f3s quase dois meses de plat\u00f4.<\/p>\n\n\n\n<p>Conforme a atualiza\u00e7\u00e3o do minist\u00e9rio, ainda h\u00e1 381.248 pacientes em acompanhamento. Outras 4.954.159 pessoas j\u00e1 se recuperaram da doen\u00e7a.<\/p>\n\n\n\n<h2 class=\"wp-block-heading\">Covid-19 nos estados<\/h2>\n\n\n\n<p>Os estados com mais mortes s\u00e3o S\u00e3o Paulo (39.119), Rio&nbsp;de Janeiro&nbsp;(20.462), Cear\u00e1 (9.326), Minas Gerais (8.916) e Pernambuco (8.599). As Unidades da Federa\u00e7\u00e3o com menos \u00f3bitos&nbsp;s\u00e3o Acre e Roraima (692), Amap\u00e1 (746), Tocantins (1.095) e Rond\u00f4nia (1.454).<\/p>\n\n\n\n<figure class=\"wp-block-image\"><img decoding=\"async\" src=\"https:\/\/imagens.ebc.com.br\/YjCBlA3HSIQS4Y8kjCBF2Dmu4ng=\/754x0\/smart\/https:\/\/agenciabrasil.ebc.com.br\/sites\/default\/files\/thumbnails\/image\/whatsapp_image_2020-10-29_at_19.20.56.jpeg?itok=HdleycOE\" alt=\"Boletim epidemiol\u00f3gico covid-19\" title=\"Minist\u00e9rio da Sa\u00fade\"\/><\/figure>\n\n\n\n<h6 class=\"wp-block-heading\">Boletim epidemiol\u00f3gico covid-19 &#8211;&nbsp;<strong>Minist\u00e9rio da Sa\u00fade<\/strong><\/h6>\n\n\n\n<p>Edi\u00e7\u00e3o: Liliane Farias<\/p>\n","protected":false},"excerpt":{"rendered":"<p>Do total de casos confirmados, 90,2% j\u00e1 se recuperou da doen\u00e7a Por Jonas Valente \u2013<\/p>\n","protected":false},"author":2,"featured_media":4291,"comment_status":"open","ping_status":"open","sticky":false,"template":"","format":"standard","meta":{"footnotes":""},"categories":[13],"tags":[],"class_list":["post-4290","post","type-post","status-publish","format-standard","has-post-thumbnail","hentry","category-saude"],"_links":{"self":[{"href":"https:\/\/tvc16.com\/portal\/wp-json\/wp\/v2\/posts\/4290","targetHints":{"allow":["GET"]}}],"collection":[{"href":"https:\/\/tvc16.com\/portal\/wp-json\/wp\/v2\/posts"}],"about":[{"href":"https:\/\/tvc16.com\/portal\/wp-json\/wp\/v2\/types\/post"}],"author":[{"embeddable":true,"href":"https:\/\/tvc16.com\/portal\/wp-json\/wp\/v2\/users\/2"}],"replies":[{"embeddable":true,"href":"https:\/\/tvc16.com\/portal\/wp-json\/wp\/v2\/comments?post=4290"}],"version-history":[{"count":1,"href":"https:\/\/tvc16.com\/portal\/wp-json\/wp\/v2\/posts\/4290\/revisions"}],"predecessor-version":[{"id":4292,"href":"https:\/\/tvc16.com\/portal\/wp-json\/wp\/v2\/posts\/4290\/revisions\/4292"}],"wp:featuredmedia":[{"embeddable":true,"href":"https:\/\/tvc16.com\/portal\/wp-json\/wp\/v2\/media\/4291"}],"wp:attachment":[{"href":"https:\/\/tvc16.com\/portal\/wp-json\/wp\/v2\/media?parent=4290"}],"wp:term":[{"taxonomy":"category","embeddable":true,"href":"https:\/\/tvc16.com\/portal\/wp-json\/wp\/v2\/categories?post=4290"},{"taxonomy":"post_tag","embeddable":true,"href":"https:\/\/tvc16.com\/portal\/wp-json\/wp\/v2\/tags?post=4290"}],"curies":[{"name":"wp","href":"https:\/\/api.w.org\/{rel}","templated":true}]}}