{"id":4293,"date":"2020-10-29T23:46:02","date_gmt":"2020-10-29T23:46:02","guid":{"rendered":"https:\/\/tvc16.com\/portal\/?p=4293"},"modified":"2020-10-29T23:46:02","modified_gmt":"2020-10-29T23:46:02","slug":"rio-nao-tera-desfile-de-blocos-de-rua-no-carnaval-de-2021","status":"publish","type":"post","link":"https:\/\/tvc16.com\/portal\/2020\/10\/29\/rio-nao-tera-desfile-de-blocos-de-rua-no-carnaval-de-2021\/","title":{"rendered":"Rio n\u00e3o ter\u00e1 desfile de blocos de rua no carnaval de 2021"},"content":{"rendered":"\n<h3 class=\"wp-block-heading\">Sem vacina contra covid-19, evento \u00e9 invi\u00e1vel, dizem especialistas<\/h3>\n\n\n\n<h4 class=\"wp-block-heading\">Por Douglas Correa \u2013 Rep\u00f3rter Ag\u00eancia Brasil &#8211; Rio de Janeiro<\/h4>\n\n\n\n<p>N\u00e3o haver\u00e1 carnaval dos blocos de rua do Rio de Janeiro em 2021. A decis\u00e3o foi tomada nesta quarta-feira (28), em reuni\u00e3o virtual da qual participaram o presidente da Riotur, Fabr\u00edcio Villa Flor, infectologistas e representantes dos blocos de carnaval de rua e da \u00e1rea de seguran\u00e7a p\u00fablica.<img decoding=\"async\" src=\"https:\/\/agenciabrasil.ebc.com.br\/ebc.png?id=1391876&amp;o=node\"><img decoding=\"async\" src=\"https:\/\/agenciabrasil.ebc.com.br\/ebc.gif?id=1391876&amp;o=node\"><\/p>\n\n\n\n<p>\u201cO acontecimento do carnaval est\u00e1 diretamente ligado \u00e0 chegada da vacina. Sem vacina n\u00e3o \u00e9 poss\u00edvel termos carnaval de rua, nem mesmo os desfiles das escolas de samba, como a Liga Independente das Escolas de Samba (Liesa) j\u00e1 havia anunciado no m\u00eas passado\u201d, disse Villa Flor.<\/p>\n\n\n\n<p>A<em>&nbsp;live&nbsp;<\/em>ainda a participa\u00e7\u00e3o da presidente da Associa\u00e7\u00e3o Independente dos Blocos de Carnaval de Rua da Zona Sul, Santa Teresa e Centro da Cidade (Sebastiana), Rita Fernandes; da m\u00e9dica infectologista Mar\u00edlia Santini, da Funda\u00e7\u00e3o Instituto Oswaldo Cruz (Fiocruz); do professor de epidemiologia Roberto Medronho, da Faculdade de Medicina da UFRJ;&nbsp; e da promotora de Justi\u00e7a Andrea Amin, coordenadora do Grupo de Atua\u00e7\u00e3o Especializada em Seguran\u00e7a P\u00fablica do Minist\u00e9rio P\u00fablico do Rio&nbsp;de Janeiro&nbsp;(Gaesp).<\/p>\n\n\n\n<p>Todos concordaram que s\u00e3o invi\u00e1veis os desfiles de rua antes de haver vacina\u00e7\u00e3o segura contra a covid-19. \u201cSem vacina, n\u00e3o \u00e9 poss\u00edvel termos o carnaval nos moldes tradicionais, como conhecemos h\u00e1 d\u00e9cadas. Como n\u00e3o ouvir especialistas? Como n\u00e3o ouvir os que participam de toda a engrenagem dos blocos de rua? A posi\u00e7\u00e3o dos blocos foi muito respons\u00e1vel, e eu os parabenizo por isso\u201d, disse Villa Flor.<\/p>\n\n\n\n<p>O presidente da Riotur lembrou que a pandemia n\u00e3o acabou. \u201cAinda estamos em meio \u00e0 pandemia da covid-19. Portanto, nossa posi\u00e7\u00e3o \u00e9: sem vacina, n\u00e3o \u00e9 poss\u00edvel fazermos uma previs\u00e3o para a realiza\u00e7\u00e3o do Carnaval Rio 2021. Chegando a vacina, conseguiremos fazer o planejamento e falar em datas\u201d, acrescentou.<\/p>\n\n\n\n<p>Segundo a presidente da Sebastiana, Rita Fernandes, pela avalia\u00e7\u00e3o dos especialistas em sa\u00fade, at\u00e9 julho do ano que vem, n\u00e3o haver\u00e1 possibilidade de imuniza\u00e7\u00e3o de toda a popula\u00e7\u00e3o do Rio. \u201cSe liberar o p\u00fablico no segundo semestre, a gente n\u00e3o pode fazer a festa. Fica muito em cima e, do ponto de vista da regulamenta\u00e7\u00e3o, legaliza\u00e7\u00e3o, para n\u00f3s, no segundo semestre \u00e9 invi\u00e1vel.\u201d<\/p>\n\n\n\n<p>Rita Fernandes informou que a Sebastiana vai procurar outras alternativas, como&nbsp;<em>lives<\/em>,&nbsp;<em>shows<\/em>&nbsp;transmitidos por redes sociais, eventos fechados. &#8220;Coisas assim, que a gente possa&nbsp;ter&nbsp;controle.\u201d<\/p>\n\n\n\n<h2 class=\"wp-block-heading\">R\u00e9veillon<\/h2>\n\n\n\n<p>A Riotur anunciou que a empresa SRCOM ser\u00e1 a respons\u00e1vel pelo R\u00e9veillon Rio 2021.&nbsp; Pela primeira vez, o evento ser\u00e1 pago integralmente pela iniciativa privada, sem verba da prefeitura do Rio. A SRCOM apresentou seu projeto \u00e0 Riotur na&nbsp;ter\u00e7a-feira (27), como determinavam as regras do Caderno de Encargos e Contrapartidas da empresa de turismo.<\/p>\n\n\n\n<p>Em nota, a Riotur diz que a proposta apresentada pela SRCOM encaixa-se perfeitamente no novo modelo de&nbsp;<em>r\u00e9veillon<\/em>&nbsp;que a prefeitura do Rio planejou para a festa da virada deste ano, em meio \u00e0 pandemia da covid-19.<\/p>\n\n\n\n<p>\u201cAs boas-vindas ao ano de 2021 acontecer\u00e3o em um formato diferente do tradicional conhecido por cariocas e turistas. No R\u00e9veillon Rio 2021 teremos seis palcos espalhados em pontos tur\u00edsticos emblem\u00e1ticos da cidade do Rio&nbsp;de Janeiro, por\u00e9m, sem presen\u00e7a de p\u00fablico, com todas as \u00e1reas isoladas. O p\u00fablico poder\u00e1 acompanhar os&nbsp;<em>shows<\/em>&nbsp;pela televis\u00e3o, por um canal aberto, e pelas plataformas digitais, por meio do canal oficial da Riotur no Youtube\u201d, explica nota.<\/p>\n\n\n\n<p>Al\u00e9m dos&nbsp;<em>shows<\/em>, a festa do&nbsp;<em>r\u00e9veillon<\/em>&nbsp;apresentar\u00e1 luzes e efeitos visuais in\u00e9ditos no Brasil, al\u00e9m de uma &#8220;surpresa emocionante&#8221;, que s\u00f3 ser\u00e1 conhecida na noite da virada e todos poder\u00e3o ver de suas casas, pela televis\u00e3o e pela Internet, acrescenta a nota. \u201cEste novo modelo vai criar uma atmosfera de respeito, com homenagens \u00e0s v\u00edtimas da covid-19 e tamb\u00e9m aos profissionais que est\u00e3o na linha de frente do combate \u00e0 pandemia. Al\u00e9m disso, a celebra\u00e7\u00e3o inclui, pela primeira vez, uma integra\u00e7\u00e3o entre diversos pontos de refer\u00eancia tur\u00edstica do estado do Rio no&nbsp;<em>r\u00e9veillon<\/em>&nbsp;carioca.\u201d<\/p>\n\n\n\n<p>Edi\u00e7\u00e3o: N\u00e1dia Franco<\/p>\n","protected":false},"excerpt":{"rendered":"<p>Sem vacina contra covid-19, evento \u00e9 invi\u00e1vel, dizem especialistas Por Douglas Correa \u2013 Rep\u00f3rter Ag\u00eancia<\/p>\n","protected":false},"author":2,"featured_media":4294,"comment_status":"open","ping_status":"open","sticky":false,"template":"","format":"standard","meta":{"footnotes":""},"categories":[21],"tags":[],"class_list":["post-4293","post","type-post","status-publish","format-standard","has-post-thumbnail","hentry","category-cultura"],"_links":{"self":[{"href":"https:\/\/tvc16.com\/portal\/wp-json\/wp\/v2\/posts\/4293","targetHints":{"allow":["GET"]}}],"collection":[{"href":"https:\/\/tvc16.com\/portal\/wp-json\/wp\/v2\/posts"}],"about":[{"href":"https:\/\/tvc16.com\/portal\/wp-json\/wp\/v2\/types\/post"}],"author":[{"embeddable":true,"href":"https:\/\/tvc16.com\/portal\/wp-json\/wp\/v2\/users\/2"}],"replies":[{"embeddable":true,"href":"https:\/\/tvc16.com\/portal\/wp-json\/wp\/v2\/comments?post=4293"}],"version-history":[{"count":1,"href":"https:\/\/tvc16.com\/portal\/wp-json\/wp\/v2\/posts\/4293\/revisions"}],"predecessor-version":[{"id":4295,"href":"https:\/\/tvc16.com\/portal\/wp-json\/wp\/v2\/posts\/4293\/revisions\/4295"}],"wp:featuredmedia":[{"embeddable":true,"href":"https:\/\/tvc16.com\/portal\/wp-json\/wp\/v2\/media\/4294"}],"wp:attachment":[{"href":"https:\/\/tvc16.com\/portal\/wp-json\/wp\/v2\/media?parent=4293"}],"wp:term":[{"taxonomy":"category","embeddable":true,"href":"https:\/\/tvc16.com\/portal\/wp-json\/wp\/v2\/categories?post=4293"},{"taxonomy":"post_tag","embeddable":true,"href":"https:\/\/tvc16.com\/portal\/wp-json\/wp\/v2\/tags?post=4293"}],"curies":[{"name":"wp","href":"https:\/\/api.w.org\/{rel}","templated":true}]}}