{"id":4296,"date":"2020-10-29T23:47:51","date_gmt":"2020-10-29T23:47:51","guid":{"rendered":"https:\/\/tvc16.com\/portal\/?p=4296"},"modified":"2020-10-29T23:47:51","modified_gmt":"2020-10-29T23:47:51","slug":"melo-e-kubot-se-classificam-a-semifinal-de-duplas-do-aberto-de-viena","status":"publish","type":"post","link":"https:\/\/tvc16.com\/portal\/2020\/10\/29\/melo-e-kubot-se-classificam-a-semifinal-de-duplas-do-aberto-de-viena\/","title":{"rendered":"Melo e Kubot se classificam \u00e0 semifinal de duplas do Aberto de Viena"},"content":{"rendered":"\n<h3 class=\"wp-block-heading\">Advers\u00e1rios ser\u00e3o Krawietz e Mies, campe\u00f5es de Roland Garros<\/h3>\n\n\n\n<h4 class=\"wp-block-heading\">Por Juliano Justo &#8211; Rep\u00f3rter da TV Brasil e R\u00e1dio Nacional &#8211; S\u00e3o Paulo<\/h4>\n\n\n\n<p>O mineiro Marcelo Melo e o polon\u00eas Lukasz Kubot se classificaram nesta quinta-feira (29)&nbsp;\u00e0s semifinais&nbsp;do ATP 500 de Viena ao vencerem por 2 sets a 0&nbsp;a dupla do austr\u00edaco Jurgen Melzer com o franc\u00eas Edouard Roger-Vasselin.&nbsp; Ap\u00f3s uma hora e 26 minutos de partida, Melo e Kubot levaram a melhor com parciais de 7\/5 e 6\/3.<img decoding=\"async\" src=\"https:\/\/agenciabrasil.ebc.com.br\/ebc.png?id=1391871&amp;o=node\"><img decoding=\"async\" src=\"https:\/\/agenciabrasil.ebc.com.br\/ebc.gif?id=1391871&amp;o=node\"><\/p>\n\n\n\n<p>No pr\u00f3ximo s\u00e1bado (31), a parceria Brasil-Pol\u00f4nia enfrenta um pedreira: os alem\u00e3es&nbsp;alem\u00e3es Kevin Krawietz e Andreas Mies &#8211; o hor\u00e1rio da partida ser\u00e1 definido amanh\u00e3 (30). Os atuais campe\u00f5es de Roland Garros avan\u00e7aram ap\u00f3s eliminarem a dupla de outro brasileiro, Bruno Soares e o parceiro croata Mate Pavic, na primeira partida das quartas de final desta tarde. O confronto foi uma reedi\u00e7\u00e3o da final de Roland Garros, em setembro.&nbsp;Os parceiros b\u00e1varos come\u00e7aram arrasadores: venceram o primeiro&nbsp;set por 6 a 1, mas Soares e Pavic reagiram, levaram a melhor no segundo set por 6-4 e a decis\u00e3o foi para o match set point. Ap\u00f3s uma disputa acirrada, os alem\u00e3es fecharam na frente por 10-8 e selaram a classifica\u00e7\u00e3o \u00e0s semifinais.<\/p>\n\n\n\n<p>O pr\u00f3ximo desafio de Soares e Pavic ser\u00e1 o Masters Mil de Paris (Fran\u00e7a) que come\u00e7a na pr\u00f3xima segunda-feira (2 de novembro).&nbsp;<\/p>\n\n\n\n<p>Edi\u00e7\u00e3o: Cl\u00e1udia Soares Rodrigues<\/p>\n","protected":false},"excerpt":{"rendered":"<p>Advers\u00e1rios ser\u00e3o Krawietz e Mies, campe\u00f5es de Roland Garros Por Juliano Justo &#8211; Rep\u00f3rter da<\/p>\n","protected":false},"author":2,"featured_media":4297,"comment_status":"open","ping_status":"open","sticky":false,"template":"","format":"standard","meta":{"footnotes":""},"categories":[20],"tags":[],"class_list":["post-4296","post","type-post","status-publish","format-standard","has-post-thumbnail","hentry","category-esporte"],"_links":{"self":[{"href":"https:\/\/tvc16.com\/portal\/wp-json\/wp\/v2\/posts\/4296","targetHints":{"allow":["GET"]}}],"collection":[{"href":"https:\/\/tvc16.com\/portal\/wp-json\/wp\/v2\/posts"}],"about":[{"href":"https:\/\/tvc16.com\/portal\/wp-json\/wp\/v2\/types\/post"}],"author":[{"embeddable":true,"href":"https:\/\/tvc16.com\/portal\/wp-json\/wp\/v2\/users\/2"}],"replies":[{"embeddable":true,"href":"https:\/\/tvc16.com\/portal\/wp-json\/wp\/v2\/comments?post=4296"}],"version-history":[{"count":1,"href":"https:\/\/tvc16.com\/portal\/wp-json\/wp\/v2\/posts\/4296\/revisions"}],"predecessor-version":[{"id":4298,"href":"https:\/\/tvc16.com\/portal\/wp-json\/wp\/v2\/posts\/4296\/revisions\/4298"}],"wp:featuredmedia":[{"embeddable":true,"href":"https:\/\/tvc16.com\/portal\/wp-json\/wp\/v2\/media\/4297"}],"wp:attachment":[{"href":"https:\/\/tvc16.com\/portal\/wp-json\/wp\/v2\/media?parent=4296"}],"wp:term":[{"taxonomy":"category","embeddable":true,"href":"https:\/\/tvc16.com\/portal\/wp-json\/wp\/v2\/categories?post=4296"},{"taxonomy":"post_tag","embeddable":true,"href":"https:\/\/tvc16.com\/portal\/wp-json\/wp\/v2\/tags?post=4296"}],"curies":[{"name":"wp","href":"https:\/\/api.w.org\/{rel}","templated":true}]}}