{"id":4299,"date":"2020-10-29T23:49:26","date_gmt":"2020-10-29T23:49:26","guid":{"rendered":"https:\/\/tvc16.com\/portal\/?p=4299"},"modified":"2020-10-29T23:49:26","modified_gmt":"2020-10-29T23:49:26","slug":"decimo-terceiro-salario-deve-injetar-r-208-bi-na-economia","status":"publish","type":"post","link":"https:\/\/tvc16.com\/portal\/2020\/10\/29\/decimo-terceiro-salario-deve-injetar-r-208-bi-na-economia\/","title":{"rendered":"D\u00e9cimo terceiro sal\u00e1rio deve injetar R$ 208 bi na economia"},"content":{"rendered":"\n<h3 class=\"wp-block-heading\">O montante \u00e9 5,4% inferior ao registrado em 2019, diz CNC<\/h3>\n\n\n\n<h4 class=\"wp-block-heading\">Por Vitor Abdala &#8211; Rep\u00f3rter da Ag\u00eancia Brasil &#8211; Rio de Janeiro<\/h4>\n\n\n\n<p>O pagamento do d\u00e9cimo terceiro sal\u00e1rio aos trabalhadores brasileiros deve injetar R$ 208 bilh\u00f5es na economia brasileiro neste ano. Em valores reais, o montante \u00e9 5,4% inferior ao registrado em 2019, de acordo com estimativa da Confedera\u00e7\u00e3o Nacional do Com\u00e9rcio de Bens, Servi\u00e7os e Turismo (CNC), divulgada hoje (29).<img decoding=\"async\" src=\"https:\/\/agenciabrasil.ebc.com.br\/ebc.png?id=1391831&amp;o=node\"><img decoding=\"async\" src=\"https:\/\/agenciabrasil.ebc.com.br\/ebc.gif?id=1391831&amp;o=node\"><\/p>\n\n\n\n<p>A queda de 5,4% \u00e9 a maior retra\u00e7\u00e3o anual desde o in\u00edcio do acompanhamento realizado pela CNC, em 2012. Um dos motivos para a queda \u00e9 a Medida Provis\u00f3ria (MP) 936 deste ano, que autorizou a redu\u00e7\u00e3o do sal\u00e1rio proporcional \u00e0 jornada e a suspens\u00e3o tempor\u00e1ria do contrato de trabalho, com a justificativa de preservar empregos em meio \u00e0 pandemia da covid-19.<\/p>\n\n\n\n<p>A CNC cita dados do Minist\u00e9rio da Economia que mostram que, entre abril e agosto foram firmados 16,1 milh\u00f5es de acordos entre patr\u00f5es e empregados no \u00e2mbito da MP 936, sendo 7,2 milh\u00f5es de suspens\u00e3o do contrato de trabalho 3,5 milh\u00f5es de redu\u00e7\u00e3o de 70% da jornada.<\/p>\n\n\n\n<p>Segundo a CNC, o vencimento m\u00e9dio pago em 2020 (R$ 2.192,71) ter\u00e1 um recuo de 6,6% em compara\u00e7\u00e3o ao valor de 2019 (R$ 2.347,55). O presidente da CNC, Jos\u00e9 Roberto Tadros, atribui a queda do montante do d\u00e9cimo terceiro ao recuo expressivo da atividade econ\u00f4mica e do avan\u00e7o da informalidade.<\/p>\n\n\n\n<p>Edi\u00e7\u00e3o: Val\u00e9ria Aguiar<\/p>\n","protected":false},"excerpt":{"rendered":"<p>O montante \u00e9 5,4% inferior ao registrado em 2019, diz CNC Por Vitor Abdala &#8211;<\/p>\n","protected":false},"author":2,"featured_media":4300,"comment_status":"open","ping_status":"open","sticky":false,"template":"","format":"standard","meta":{"footnotes":""},"categories":[18],"tags":[],"class_list":["post-4299","post","type-post","status-publish","format-standard","has-post-thumbnail","hentry","category-economia"],"_links":{"self":[{"href":"https:\/\/tvc16.com\/portal\/wp-json\/wp\/v2\/posts\/4299","targetHints":{"allow":["GET"]}}],"collection":[{"href":"https:\/\/tvc16.com\/portal\/wp-json\/wp\/v2\/posts"}],"about":[{"href":"https:\/\/tvc16.com\/portal\/wp-json\/wp\/v2\/types\/post"}],"author":[{"embeddable":true,"href":"https:\/\/tvc16.com\/portal\/wp-json\/wp\/v2\/users\/2"}],"replies":[{"embeddable":true,"href":"https:\/\/tvc16.com\/portal\/wp-json\/wp\/v2\/comments?post=4299"}],"version-history":[{"count":1,"href":"https:\/\/tvc16.com\/portal\/wp-json\/wp\/v2\/posts\/4299\/revisions"}],"predecessor-version":[{"id":4301,"href":"https:\/\/tvc16.com\/portal\/wp-json\/wp\/v2\/posts\/4299\/revisions\/4301"}],"wp:featuredmedia":[{"embeddable":true,"href":"https:\/\/tvc16.com\/portal\/wp-json\/wp\/v2\/media\/4300"}],"wp:attachment":[{"href":"https:\/\/tvc16.com\/portal\/wp-json\/wp\/v2\/media?parent=4299"}],"wp:term":[{"taxonomy":"category","embeddable":true,"href":"https:\/\/tvc16.com\/portal\/wp-json\/wp\/v2\/categories?post=4299"},{"taxonomy":"post_tag","embeddable":true,"href":"https:\/\/tvc16.com\/portal\/wp-json\/wp\/v2\/tags?post=4299"}],"curies":[{"name":"wp","href":"https:\/\/api.w.org\/{rel}","templated":true}]}}