{"id":4305,"date":"2020-10-29T23:52:45","date_gmt":"2020-10-29T23:52:45","guid":{"rendered":"https:\/\/tvc16.com\/portal\/?p=4305"},"modified":"2020-10-29T23:52:45","modified_gmt":"2020-10-29T23:52:45","slug":"sportes-de-elite-seguem-na-franca-apesar-de-lockdown-diz-ministra","status":"publish","type":"post","link":"https:\/\/tvc16.com\/portal\/2020\/10\/29\/sportes-de-elite-seguem-na-franca-apesar-de-lockdown-diz-ministra\/","title":{"rendered":"sportes de elite seguem na Fran\u00e7a apesar de lockdown, diz ministra"},"content":{"rendered":"\n<h3 class=\"wp-block-heading\">Medida abrange Campeonato Franc\u00eas e partidas de rugby e t\u00eanis<\/h3>\n\n\n\n<h4 class=\"wp-block-heading\">Por Julien Pretot &#8211; Paris<\/h4>\n\n\n\n<figure class=\"wp-block-image\"><a href=\"https:\/\/br.reuters.com\/\" target=\"_blank\" rel=\"noreferrer noopener\"><img decoding=\"async\" src=\"https:\/\/agenciabrasil.ebc.com.br\/sites\/default\/files\/styles\/269x0\/public\/logo_parceiros\/logo_reuters.jpg?itok=1pP189Lc\" alt=\"Reuters\"\/><\/a><\/figure>\n\n\n\n<p>Os&nbsp;esportes&nbsp;de&nbsp;elite&nbsp;continuar\u00e3o em a\u00e7\u00e3o na Fran\u00e7a, apesar&nbsp;de&nbsp;um&nbsp;<em>lockdown<\/em>&nbsp;nacional anunciado pelo presidente Emmanuel Macron,&nbsp;anunciou a ministra dos&nbsp;Esportes, Roxana Maracineanu.<img decoding=\"async\" src=\"https:\/\/agenciabrasil.ebc.com.br\/ebc.png?id=1391864&amp;o=node\"><img decoding=\"async\" src=\"https:\/\/agenciabrasil.ebc.com.br\/ebc.gif?id=1391864&amp;o=node\"><\/p>\n\n\n\n<p>&#8220;As pr\u00f3ximas semanas ser\u00e3o duras economicamente, mas tamb\u00e9m humanamente. \u00c9 por isso que eu quis confirmar a voc\u00eas que a continuidade&nbsp;do esporte que \u00e9 praticado como profiss\u00e3o est\u00e1 garantida hoje&#8221;, disse Maracineau em uma sess\u00e3o do Parlamento que se estendeu da noite de&nbsp;quarta para esta quinta-feira (29).<\/p>\n\n\n\n<figure class=\"wp-block-image\"><img decoding=\"async\" src=\"https:\/\/imagens.ebc.com.br\/waYANgcFumpqSFXs2-mjwG1JBGw=\/754x0\/smart\/https:\/\/agenciabrasil.ebc.com.br\/sites\/default\/files\/thumbnails\/image\/ministra_dos_esportes_franca.jpg?itok=UzsmPErL\" alt=\"Ministra dos Esportes da Fran\u00e7a, Roxana Maracineanu, chega para reuni\u00e3o de gabinete no Pal\u00e1cio do Eliseu, em Paris\" title=\"Reuters\/Benoit Tessier\/Direitos Reservados\"\/><\/figure>\n\n\n\n<h6 class=\"wp-block-heading\">Ministra dos Esportes da Fran\u00e7a, Roxana Maracineanu, defendeu no Parlamento a continuidade dos esporte de elite durante o lockdown nacional&nbsp;&#8211;&nbsp;<strong>Reuters\/Benoit Tessier\/Direitos Reservados<\/strong><\/h6>\n\n\n\n<p>Os coment\u00e1rios&nbsp;de&nbsp;Maracineanu ser\u00e3o uma not\u00edcia bem-vinda para o Campeonato Franc\u00eas, e tamb\u00e9m para o r\u00fagbi, j\u00e1 que a sele\u00e7\u00e3o receber\u00e1 a Irlanda no s\u00e1bado para a final das Seis Na\u00e7\u00f5es. O torneio&nbsp;de&nbsp;t\u00eanis Masters 1000&nbsp;de&nbsp;Paris tamb\u00e9m&nbsp;deve come\u00e7ar na pr\u00f3xima segunda-feira (2 de novembro), mas os organizadores disseram que ele ser\u00e1 realizado sem p\u00fablico &#8211;inicialmente se permitiria mil pessoas por dia.&nbsp;A partida das Seis Na\u00e7\u00f5es j\u00e1 estava programada para acontecer no Stade&nbsp;de&nbsp;France vazio.<\/p>\n\n\n\n<p>A Fran\u00e7a retomar\u00e1 amanh\u00e3 (30) um&nbsp;<em>lockdown<\/em>&nbsp;nacional para tentar conter a pandemia do novo coronav\u00edrus (covid-19), disse Macron em um pronunciamento \u00e0 na\u00e7\u00e3o na noite de ontem (28).&nbsp;Com as novas medidas, que vigorar\u00e3o at\u00e9 1\u00ba&nbsp;de&nbsp;dezembro, as pessoas ter\u00e3o que ficar em casa, exceto para comprar itens essenciais, procurar cuidados m\u00e9dicos ou fazer exerc\u00edcios uma hora por dia.<\/p>\n\n\n\n<p>Todos os&nbsp;esportes&nbsp;profissionais foram interrompidos durante o primeiro&nbsp;<em>lockdown<\/em>, que foi&nbsp;de&nbsp;meados&nbsp;de&nbsp;mar\u00e7o ao final&nbsp;de&nbsp;maio, o que fez a liga francesa de futebol&nbsp;parar em abril. A Volta da Fran\u00e7a&nbsp;e o torneio&nbsp;de&nbsp;Roland Garros foram remarcados para datas posteriores.<\/p>\n","protected":false},"excerpt":{"rendered":"<p>Medida abrange Campeonato Franc\u00eas e partidas de rugby e t\u00eanis Por Julien Pretot &#8211; Paris<\/p>\n","protected":false},"author":2,"featured_media":4306,"comment_status":"open","ping_status":"open","sticky":false,"template":"","format":"standard","meta":{"footnotes":""},"categories":[20],"tags":[],"class_list":["post-4305","post","type-post","status-publish","format-standard","has-post-thumbnail","hentry","category-esporte"],"_links":{"self":[{"href":"https:\/\/tvc16.com\/portal\/wp-json\/wp\/v2\/posts\/4305","targetHints":{"allow":["GET"]}}],"collection":[{"href":"https:\/\/tvc16.com\/portal\/wp-json\/wp\/v2\/posts"}],"about":[{"href":"https:\/\/tvc16.com\/portal\/wp-json\/wp\/v2\/types\/post"}],"author":[{"embeddable":true,"href":"https:\/\/tvc16.com\/portal\/wp-json\/wp\/v2\/users\/2"}],"replies":[{"embeddable":true,"href":"https:\/\/tvc16.com\/portal\/wp-json\/wp\/v2\/comments?post=4305"}],"version-history":[{"count":1,"href":"https:\/\/tvc16.com\/portal\/wp-json\/wp\/v2\/posts\/4305\/revisions"}],"predecessor-version":[{"id":4307,"href":"https:\/\/tvc16.com\/portal\/wp-json\/wp\/v2\/posts\/4305\/revisions\/4307"}],"wp:featuredmedia":[{"embeddable":true,"href":"https:\/\/tvc16.com\/portal\/wp-json\/wp\/v2\/media\/4306"}],"wp:attachment":[{"href":"https:\/\/tvc16.com\/portal\/wp-json\/wp\/v2\/media?parent=4305"}],"wp:term":[{"taxonomy":"category","embeddable":true,"href":"https:\/\/tvc16.com\/portal\/wp-json\/wp\/v2\/categories?post=4305"},{"taxonomy":"post_tag","embeddable":true,"href":"https:\/\/tvc16.com\/portal\/wp-json\/wp\/v2\/tags?post=4305"}],"curies":[{"name":"wp","href":"https:\/\/api.w.org\/{rel}","templated":true}]}}