{"id":4308,"date":"2020-10-29T23:54:37","date_gmt":"2020-10-29T23:54:37","guid":{"rendered":"https:\/\/tvc16.com\/portal\/?p=4308"},"modified":"2020-10-29T23:54:37","modified_gmt":"2020-10-29T23:54:37","slug":"relatorio-do-impechment-de-witzel-e-entregue-ao-tribunal-misto","status":"publish","type":"post","link":"https:\/\/tvc16.com\/portal\/2020\/10\/29\/relatorio-do-impechment-de-witzel-e-entregue-ao-tribunal-misto\/","title":{"rendered":"Relat\u00f3rio do impechment de Witzel \u00e9 entregue ao Tribunal Misto"},"content":{"rendered":"\n<h3 class=\"wp-block-heading\">Documento do deputado Waldeck Carneiro tem 150 p\u00e1ginas<\/h3>\n\n\n\n<h4 class=\"wp-block-heading\">Por Douglas Correa \u2013 Rep\u00f3rter Ag\u00eancia Brasil &#8211; Rio de Janeiro<\/h4>\n\n\n\n<p>O relator do processo de<em>&nbsp;impeachment<\/em>&nbsp;de Wilson Witzel, deputado Waldeck Carneiro (PT), entregou nesta&nbsp;quinta-feira (29) ao Tribunal Especial Misto o relat\u00f3rio sobre a den\u00fancia contra o governador afastado do Rio de Janeiro.<img decoding=\"async\" src=\"https:\/\/agenciabrasil.ebc.com.br\/ebc.png?id=1391880&amp;o=node\"><img decoding=\"async\" src=\"https:\/\/agenciabrasil.ebc.com.br\/ebc.gif?id=1391880&amp;o=node\"><\/p>\n\n\n\n<p>&#8220;Li e considerei tudo o que tem a ver com o processo de&nbsp;<em>impeachment<\/em>, mas o relat\u00f3rio \u00e9, como o nome diz, um relato dos fatos. Ainda n\u00e3o \u00e9 um ju\u00edzo ou posicionamento do relator\u201d, disse o deputado estadual, ap\u00f3s detalhada an\u00e1lise da defesa de Witzel. Waldeck Carneiro disse, por\u00e9m, que s\u00f3 revelar\u00e1 seu voto na sess\u00e3o da pr\u00f3xima&nbsp;quinta-feira (5), no Tribunal de Justi\u00e7a.<\/p>\n\n\n\n<p>O parlamentar ressaltou que buscou a neutralidade ao elaborar o relat\u00f3rio, que cont\u00e9m aproximadamente 150 p\u00e1ginas e reconstitui os fatos que constam da den\u00fancia e as alega\u00e7\u00f5es apresentadas na defesa pr\u00e9via de Witzel. Composto por cinco deputados estaduais e cinco desembargadores, o Tribunal Especial Misto decidir\u00e1 por maioria simples (6 votos) se ser\u00e1 instaurado o processo. O presidente do TJRJ e do Tribunal Misto, desembargador Claudio de Mello Tavares, s\u00f3 vota em caso de empate. Na hip\u00f3tese de se decidir pela n\u00e3o instaura\u00e7\u00e3o, o processo ser\u00e1 arquivado.<\/p>\n\n\n\n<p>O governador afastado entregou, no dia 19 deste m\u00eas, sua defesa ao Tribunal Misto, na qual afirma que o hist\u00f3rico recente de corrup\u00e7\u00e3o no estado do Rio&nbsp;de Janeiro&nbsp;contribuiu para que os fatos que s\u00e3o objeto do processo ensejassem conclus\u00f5es precipitadas sobre a sua suposta culpa. O documento diz que todas as provas colhidas relativas \u00e0s alegadas fraudes no sistema de sa\u00fade convergiram exclusivamente para a responsabiliza\u00e7\u00e3o do ex-subsecret\u00e1rio estadual de Sa\u00fade Grabriell Neves e de Edmar Santos, ex-secret\u00e1rio de Sa\u00fade.<\/p>\n\n\n\n<p>De acordo com o Tribunal Misto, o processo de impeachment segue o seguinte &nbsp;tr\u00e2mite: um ac\u00f3rd\u00e3o ser\u00e1 redigido no prazo de dez dias e, em seguida, abre-se prazo de 20 dias para apresenta\u00e7\u00e3o de defesa. Depois disso, o presidente do Tribunal Especial Misto marca nova sess\u00e3o para definir o calend\u00e1rio de instru\u00e7\u00e3o e julgamento. Findo o prazo do calend\u00e1rio, tanto acusa\u00e7\u00e3o quanto defesa&nbsp;ter\u00e3o 10 dias para as alega\u00e7\u00f5es finais e, em seguida, ser\u00e1 realizado o julgamento.<\/p>\n\n\n\n<p>O Tribunal Especial Misto decide pela condena\u00e7\u00e3o ou absolvi\u00e7\u00e3o de Witzel. Em caso de condena\u00e7\u00e3o, o tribunal decide tamb\u00e9m sobre a inabilita\u00e7\u00e3o para o exerc\u00edcio de fun\u00e7\u00e3o p\u00fablica por cinco anos. \u00c9 necess\u00e1rio o qu\u00f3rum de dois&nbsp;ter\u00e7os (7 votos) para conden\u00e1-lo em ambas as vota\u00e7\u00f5es.<\/p>\n\n\n\n<p>Edi\u00e7\u00e3o: N\u00e1dia Franco<\/p>\n","protected":false},"excerpt":{"rendered":"<p>Documento do deputado Waldeck Carneiro tem 150 p\u00e1ginas Por Douglas Correa \u2013 Rep\u00f3rter Ag\u00eancia Brasil<\/p>\n","protected":false},"author":2,"featured_media":4309,"comment_status":"open","ping_status":"open","sticky":false,"template":"","format":"standard","meta":{"footnotes":""},"categories":[15],"tags":[],"class_list":["post-4308","post","type-post","status-publish","format-standard","has-post-thumbnail","hentry","category-politica"],"_links":{"self":[{"href":"https:\/\/tvc16.com\/portal\/wp-json\/wp\/v2\/posts\/4308","targetHints":{"allow":["GET"]}}],"collection":[{"href":"https:\/\/tvc16.com\/portal\/wp-json\/wp\/v2\/posts"}],"about":[{"href":"https:\/\/tvc16.com\/portal\/wp-json\/wp\/v2\/types\/post"}],"author":[{"embeddable":true,"href":"https:\/\/tvc16.com\/portal\/wp-json\/wp\/v2\/users\/2"}],"replies":[{"embeddable":true,"href":"https:\/\/tvc16.com\/portal\/wp-json\/wp\/v2\/comments?post=4308"}],"version-history":[{"count":1,"href":"https:\/\/tvc16.com\/portal\/wp-json\/wp\/v2\/posts\/4308\/revisions"}],"predecessor-version":[{"id":4310,"href":"https:\/\/tvc16.com\/portal\/wp-json\/wp\/v2\/posts\/4308\/revisions\/4310"}],"wp:featuredmedia":[{"embeddable":true,"href":"https:\/\/tvc16.com\/portal\/wp-json\/wp\/v2\/media\/4309"}],"wp:attachment":[{"href":"https:\/\/tvc16.com\/portal\/wp-json\/wp\/v2\/media?parent=4308"}],"wp:term":[{"taxonomy":"category","embeddable":true,"href":"https:\/\/tvc16.com\/portal\/wp-json\/wp\/v2\/categories?post=4308"},{"taxonomy":"post_tag","embeddable":true,"href":"https:\/\/tvc16.com\/portal\/wp-json\/wp\/v2\/tags?post=4308"}],"curies":[{"name":"wp","href":"https:\/\/api.w.org\/{rel}","templated":true}]}}