{"id":4311,"date":"2020-10-29T23:56:59","date_gmt":"2020-10-29T23:56:59","guid":{"rendered":"https:\/\/tvc16.com\/portal\/?p=4311"},"modified":"2020-10-29T23:56:59","modified_gmt":"2020-10-29T23:56:59","slug":"governo-do-estado-lanca-edital-da-primeira-fase-do-programa-florestas-do-amanha","status":"publish","type":"post","link":"https:\/\/tvc16.com\/portal\/2020\/10\/29\/governo-do-estado-lanca-edital-da-primeira-fase-do-programa-florestas-do-amanha\/","title":{"rendered":"Governo do Estado lan\u00e7a edital da primeira fase do programa Florestas do Amanh\u00e3"},"content":{"rendered":"\n<p><br><em>Rio de Janeiro ser\u00e1 o primeiro estado da federa\u00e7\u00e3o a cumprir o Acordo de Paris, com a recupera\u00e7\u00e3o de 1.100 hectares de Mata Atl\u00e2ntica<\/em><br>O governador em exerc\u00edcio do Estado do Rio de Janeiro, Cl\u00e1udio Castro, participou, nesta quinta-feira (29\/10), do lan\u00e7amento do edital da primeira fase do programa Florestas do Amanh\u00e3. A iniciativa da Secretaria do Ambiente e Sustentabilidade, em parceria com o Instituto de Desenvolvimento e Gest\u00e3o (IDG), vai reflorestar 1,1 mil hectares de Mata Atl\u00e2ntica com o plantio de 2,5 milh\u00f5es mudas de esp\u00e9cies end\u00eamicas do bioma, em 29 unidades de conserva\u00e7\u00e3o e em outras \u00e1reas priorit\u00e1rias espalhadas pelo territ\u00f3rio fluminense. Com a a\u00e7\u00e3o, o Rio de Janeiro se torna o primeiro estado do Brasil a cumprir o Acordo de Paris, tratado mundial que tem o objetivo de reduzir o aquecimento global.<\/p>\n\n\n\n<p>&#8211; Temos que aprender a unir o desenvolvimento econ\u00f4mico com a preserva\u00e7\u00e3o ambiental. Eles precisam ser complementares. Quando o Rio de Janeiro adere ao programa, sai na frente e assume uma pauta relevante. N\u00e3o adianta divulgarmos as riquezas ambientais e o setor tur\u00edstico e n\u00e3o cuidar da natureza. Este programa nos orgulha muito \u2013 afirmou Cl\u00e1udio Castro. &nbsp;<\/p>\n\n\n\n<p>O Instituto de Desenvolvimento e Gest\u00e3o (IDG), gestor operacional do programa, publicou o edital de contrata\u00e7\u00e3o de empresas para iniciar o reflorestamento dos primeiros 544 hectares. A expectativa \u00e9 come\u00e7ar o plantio dentro do calend\u00e1rio agr\u00edcola.<\/p>\n\n\n\n<p>Al\u00e9m da restaura\u00e7\u00e3o de parte da Mata Atl\u00e2ntica, um dos biomas mais ricos em diversidade do mundo e o segundo mais amea\u00e7ado de extin\u00e7\u00e3o, a iniciativa tem um grande impacto na economia do estado ao gerar empregos. Apenas na primeira fase do projeto, ser\u00e3o criadas at\u00e9 1,6 mil vagas.<\/p>\n\n\n\n<p>&#8211; Queremos que este programa leve a uma mudan\u00e7a de paradigma. Nosso objetivo \u00e9 chegar a todas as regi\u00f5es do estado, com parcerias para salvar a Mata Atl\u00e2ntica. Queremos um Rio mais verde. Reafirmamos, desta forma, o compromisso do Estado do Rio com o meio ambiente e promovemos tamb\u00e9m a gera\u00e7\u00e3o de empregos para in\u00fameras fam\u00edlias de diversos munic\u00edpios \u2013 disse o secret\u00e1rio do Ambiente e Sustentabilidade, Thiago Pampolha.<\/p>\n\n\n\n<p><strong>Primeira fase: 16 cidades atendidas<br><\/strong><br>O programa Florestas do Amanh\u00e3 beneficiar\u00e1 as cidades que fazem parte da Regi\u00e3o da Bacia Hidrogr\u00e1fica V: Cachoeiras de Macacu, Rio Bonito, Mag\u00e9, Guapimirim, Itabora\u00ed, Maric\u00e1, Niter\u00f3i, S\u00e3o Gon\u00e7alo, Tangu\u00e1, Belford Roxo, Duque de Caxias, Mesquita, S\u00e3o Jo\u00e3o de Meriti, Nil\u00f3polis, Nova Igua\u00e7u e Rio de Janeiro.<\/p>\n\n\n\n<p>&#8211; O Florestas do Amanh\u00e3 contribui para recuperarmos a agenda do desenvolvimento sustent\u00e1vel no estado, com preserva\u00e7\u00e3o da biodiversidade e seguran\u00e7a h\u00eddrica &#8211; ressaltou o diretor-presidente do IDG, Ricardo Piquet.&nbsp;<\/p>\n\n\n\n<p>A primeira fase do programa Florestas do Amanh\u00e3 foi poss\u00edvel gra\u00e7as ao Termo de Ajuste de Conduta (TAC), homologado pelo Minist\u00e9rio P\u00fablico, que garantiu o repasse de recursos de compensa\u00e7\u00e3o ambiental relativos aos impactos causados pelo Complexo Petroqu\u00edmico do Rio de Janeiro (Comperj) ao Fundo da Mata Atl\u00e2ntica (FMA).&nbsp; &nbsp;&nbsp;<\/p>\n\n\n\n<p>O evento contou com a presen\u00e7a de prefeitos e representantes dos munic\u00edpios beneficiados, al\u00e9m do presidente do Inea,&nbsp;Jo\u00e3o Eust\u00e1quio Nacif Xavier, o controlador geral do Estado, Francisco Ricardo Soares, e os&nbsp;secret\u00e1rios de Estado&nbsp;das Cidades e Interino de Trabalho e Renda,&nbsp;Uruan Cintra de Andrade; de Cultura e Economia Criativa, Danielle Barros; de Ci\u00eancia,Tecnologia e Inova\u00e7\u00e3o, Maria Isabel de Souza; e de Infraestrutura e Obras, Bruno Kazuhiro.<\/p>\n\n\n\n<p><strong>Fotos: Carlos Magno<\/strong><\/p>\n","protected":false},"excerpt":{"rendered":"<p>Rio de Janeiro ser\u00e1 o primeiro estado da federa\u00e7\u00e3o a cumprir o Acordo de Paris,<\/p>\n","protected":false},"author":2,"featured_media":4312,"comment_status":"open","ping_status":"open","sticky":false,"template":"","format":"standard","meta":{"footnotes":""},"categories":[17],"tags":[],"class_list":["post-4311","post","type-post","status-publish","format-standard","has-post-thumbnail","hentry","category-outras-noticias"],"_links":{"self":[{"href":"https:\/\/tvc16.com\/portal\/wp-json\/wp\/v2\/posts\/4311","targetHints":{"allow":["GET"]}}],"collection":[{"href":"https:\/\/tvc16.com\/portal\/wp-json\/wp\/v2\/posts"}],"about":[{"href":"https:\/\/tvc16.com\/portal\/wp-json\/wp\/v2\/types\/post"}],"author":[{"embeddable":true,"href":"https:\/\/tvc16.com\/portal\/wp-json\/wp\/v2\/users\/2"}],"replies":[{"embeddable":true,"href":"https:\/\/tvc16.com\/portal\/wp-json\/wp\/v2\/comments?post=4311"}],"version-history":[{"count":1,"href":"https:\/\/tvc16.com\/portal\/wp-json\/wp\/v2\/posts\/4311\/revisions"}],"predecessor-version":[{"id":4313,"href":"https:\/\/tvc16.com\/portal\/wp-json\/wp\/v2\/posts\/4311\/revisions\/4313"}],"wp:featuredmedia":[{"embeddable":true,"href":"https:\/\/tvc16.com\/portal\/wp-json\/wp\/v2\/media\/4312"}],"wp:attachment":[{"href":"https:\/\/tvc16.com\/portal\/wp-json\/wp\/v2\/media?parent=4311"}],"wp:term":[{"taxonomy":"category","embeddable":true,"href":"https:\/\/tvc16.com\/portal\/wp-json\/wp\/v2\/categories?post=4311"},{"taxonomy":"post_tag","embeddable":true,"href":"https:\/\/tvc16.com\/portal\/wp-json\/wp\/v2\/tags?post=4311"}],"curies":[{"name":"wp","href":"https:\/\/api.w.org\/{rel}","templated":true}]}}